{"id":9136,"date":"2023-11-20T21:24:00","date_gmt":"2023-11-21T01:24:00","guid":{"rendered":"http:\/\/172.27.0.121\/?p=9136"},"modified":"2024-04-15T17:27:12","modified_gmt":"2024-04-15T21:27:12","slug":"rehabilitado-centro-residencial-de-adultos-y-adultas-mayores-armando-reveron","status":"publish","type":"post","link":"https:\/\/prensapresidencialvenezuela.gob.ve\/index.php\/2023\/11\/20\/rehabilitado-centro-residencial-de-adultos-y-adultas-mayores-armando-reveron\/","title":{"rendered":"Rehabilitado Centro Residencial de Adultos y Adultas Mayores Armando Rever\u00f3n"},"content":{"rendered":"\n<p><strong>Teatro Teresa Carre\u00f1o, Caracas.-&nbsp;<\/strong>En aras de garantizar la atenci\u00f3n integral del pueblo de La Guaira, fueron rehabilitados los espacios del Centro Residencial de Adultos y Adultas Mayores Armando Rever\u00f3n, en Catia La Mar.<\/p>\n\n\n\n<p>La informaci\u00f3n fue rese\u00f1ada por la primera combatiente de la Rep\u00fablica y diputada a la Asamblea Nacional, Cilia Flores de Maduro, quien destac\u00f3 que la atenci\u00f3n que se ofrece,&nbsp; por parte del Instituto Nacional de Seguridad Social (INASS), en el centro residencial es completamente gratuito.<\/p>\n\n\n\n<p>\u201cSe atiende a los abuelitos (\u2026), y deben saberlo, es completamente gratuito, aqu\u00ed no se cobra para atender, para darle el apoyo. El servicio es completamente gratuito para los adultos y adultas mayores a trav\u00e9s del INASS\u201d, indic\u00f3.<\/p>\n\n\n\n<p>La Primera Combatiente a\u00f1adi\u00f3 que est\u00e1 garantizado en este centro \u201ctodo lo que tiene que ver con alimentaci\u00f3n, tienen el personal que atiende en todas las \u00e1reas que requieren estos abuelitos y saben que siempre van con nuestro apoyo\u201d, reiter\u00f3.<\/p>\n\n\n\n<p>El centro residencial cont\u00f3 con la rehabilitaci\u00f3n de techos, sistema de iluminaci\u00f3n, aires acondicionados, dotaci\u00f3n de muebles, enseres y dem\u00e1s instrumentos necesarios para la vida diaria de los adultos mayores que habitan en el lugar.<\/p>\n\n\n\n<p>La informaci\u00f3n fue dada a conocer por la Diputada durante su participaci\u00f3n en la emisi\u00f3n N\u00ba 26 del programa semanal del Jefe de Estado \u201cCon Maduro +\u201d.<\/p>\n\n\n\n<p><strong>Prensa Presidencial\/Eduardo Hueck<\/strong><\/p>\n","protected":false},"excerpt":{"rendered":"<p>Teatro Teresa Carre\u00f1o, Caracas.-&nbsp;En aras de garantizar la atenci\u00f3n integral del pueblo de La Guaira, fueron rehabilitados los espacios del Centro Residencial de Adultos y Adultas Mayores Armando Rever\u00f3n, en Catia La Mar. La informaci\u00f3n fue rese\u00f1ada por la primera combatiente de la Rep\u00fablica y diputada a la Asamblea Nacional, Cilia Flores de Maduro, quien [&hellip;]<\/p>\n","protected":false},"author":4,"featured_media":9147,"comment_status":"open","ping_status":"open","sticky":false,"template":"","format":"standard","meta":{"footnotes":""},"categories":[18,7],"tags":[30,161,19,27,164,20],"class_list":["post-9136","post","type-post","status-publish","format-standard","has-post-thumbnail","hentry","category-noticias-principales","category-notas-de-prensa","tag-destacado","tag-maduro","tag-nicolas-maduro","tag-revolucion-bolivariana","tag-salud","tag-venezuela"],"_links":{"self":[{"href":"https:\/\/prensapresidencialvenezuela.gob.ve\/index.php\/wp-json\/wp\/v2\/posts\/9136","targetHints":{"allow":["GET"]}}],"collection":[{"href":"https:\/\/prensapresidencialvenezuela.gob.ve\/index.php\/wp-json\/wp\/v2\/posts"}],"about":[{"href":"https:\/\/prensapresidencialvenezuela.gob.ve\/index.php\/wp-json\/wp\/v2\/types\/post"}],"author":[{"embeddable":true,"href":"https:\/\/prensapresidencialvenezuela.gob.ve\/index.php\/wp-json\/wp\/v2\/users\/4"}],"replies":[{"embeddable":true,"href":"https:\/\/prensapresidencialvenezuela.gob.ve\/index.php\/wp-json\/wp\/v2\/comments?post=9136"}],"version-history":[{"count":1,"href":"https:\/\/prensapresidencialvenezuela.gob.ve\/index.php\/wp-json\/wp\/v2\/posts\/9136\/revisions"}],"predecessor-version":[{"id":9149,"href":"https:\/\/prensapresidencialvenezuela.gob.ve\/index.php\/wp-json\/wp\/v2\/posts\/9136\/revisions\/9149"}],"wp:featuredmedia":[{"embeddable":true,"href":"https:\/\/prensapresidencialvenezuela.gob.ve\/index.php\/wp-json\/wp\/v2\/media\/9147"}],"wp:attachment":[{"href":"https:\/\/prensapresidencialvenezuela.gob.ve\/index.php\/wp-json\/wp\/v2\/media?parent=9136"}],"wp:term":[{"taxonomy":"category","embeddable":true,"href":"https:\/\/prensapresidencialvenezuela.gob.ve\/index.php\/wp-json\/wp\/v2\/categories?post=9136"},{"taxonomy":"post_tag","embeddable":true,"href":"https:\/\/prensapresidencialvenezuela.gob.ve\/index.php\/wp-json\/wp\/v2\/tags?post=9136"}],"curies":[{"name":"wp","href":"https:\/\/api.w.org\/{rel}","templated":true}]}}