{"id":9146,"date":"2024-03-16T17:26:00","date_gmt":"2024-03-16T21:26:00","guid":{"rendered":"http:\/\/172.27.0.121\/?p=9146"},"modified":"2024-04-15T17:28:23","modified_gmt":"2024-04-15T21:28:23","slug":"presidente-nicolas-maduro-aqui-el-candidato-es-el-pueblo","status":"publish","type":"post","link":"https:\/\/prensapresidencialvenezuela.gob.ve\/index.php\/2024\/03\/16\/presidente-nicolas-maduro-aqui-el-candidato-es-el-pueblo\/","title":{"rendered":"Presidente Nicol\u00e1s Maduro: Aqu\u00ed el candidato es el pueblo"},"content":{"rendered":"\n<p><strong>Poliedro de Caracas, La Rinconada.- <\/strong>A los oligarcas que subestiman el poder de las bases populares, el presidente de la Rep\u00fablica, Nicol\u00e1s Maduro, asever\u00f3 que \u201cno es un hombre\u201d el candidato a las elecciones presidenciales, sino un pueblo que defender\u00e1 su irrevocable derecho a ser libre, independiente y soberano.<\/p>\n\n\n\n<p>Desde el seno del V Congreso del Partido Socialista Unido de Venezuela (PSUV), que se realiz\u00f3 en el Poliedro de Caracas, enfatiz\u00f3 que \u201cnosotros tomamos la bandera\u201d del Comandante Hugo Ch\u00e1vez y, apegados a su legado, no solo estar\u00e1 \u00e9l \u2013como aspirante electo por m\u00e1s de 4 millones de militantes-, sino tambi\u00e9n \u201cel hombre de a pie, la mujer de a pie, la gente del barrio y con el pueblo de a pie vamos al combate\u201d.<\/p>\n\n\n\n<p>Entre v\u00edtores, euforia y gritos de la militancia revolucionaria, el \u2013ahora- abanderado de la Revoluci\u00f3n Bolivariana para los comicios presidenciales del 28 de julio, advirti\u00f3 \u201ca los oligarcas, criminales que me quieren matar\u201d a no confundirse, ni subestimar el car\u00e1cter indoblegable de un pueblo que, unido, est\u00e1 decidido a vencer.<\/p>\n\n\n\n<p>\u201cNo es Maduro, no se confundan oligarcas, criminales que me quieren matar. No nos subestimen m\u00e1s, no se confundan. No es un hombre, no es un candidato; aqu\u00ed el candidato no es Maduro, aqu\u00ed el candidato es un pueblo\u201d, recalc\u00f3 al augurar que, de cara a nuevos retos, \u201c\u00a1Vamos al combate, vamos a la batalla y vamos a la victoria!\u201d.<\/p>\n\n\n\n<p><strong>\u201cHay paz as\u00ed le arda al imperialismo\u201d<\/strong><\/p>\n\n\n\n<p>Al repasar los desaf\u00edos que ha enfrentado Venezuela en a\u00f1os recientes, provocados fundamentalmente por \u201cla guerra de las sanciones\u201d y las heridas ocasionadas por \u201clos apellidos\u201d, el Jefe de Estado puntualiz\u00f3 que se han consolidado la paz social.<\/p>\n\n\n\n<p>\u201cHay paz as\u00ed le arda al imperialismo\u201d, afirm\u00f3, al se\u00f1alar que, en su af\u00e1n de quebrantar la fortaleza de la Revoluci\u00f3n Bolivariana, factores externos pretend\u00edan recrear en Venezuela un escenario similar al de Hait\u00ed y Ecuador, pero \u201cno pudieron y no los vamos a dejar\u201d.<\/p>\n\n\n\n<p>En este sentido, reiter\u00f3 que la orden es sencilla: \u201c\u00a1Paz, paz, paz!\u201d.<\/p>\n\n\n\n<p><strong>Prensa Presidencial \/ Karelis Gonz\u00e1lez<\/strong><\/p>\n","protected":false},"excerpt":{"rendered":"<p>Poliedro de Caracas, La Rinconada.- A los oligarcas que subestiman el poder de las bases populares, el presidente de la Rep\u00fablica, Nicol\u00e1s Maduro, asever\u00f3 que \u201cno es un hombre\u201d el candidato a las elecciones presidenciales, sino un pueblo que defender\u00e1 su irrevocable derecho a ser libre, independiente y soberano. Desde el seno del V Congreso [&hellip;]<\/p>\n","protected":false},"author":4,"featured_media":9152,"comment_status":"open","ping_status":"open","sticky":false,"template":"","format":"standard","meta":{"footnotes":""},"categories":[18,7],"tags":[],"class_list":["post-9146","post","type-post","status-publish","format-standard","has-post-thumbnail","hentry","category-noticias-principales","category-notas-de-prensa"],"_links":{"self":[{"href":"https:\/\/prensapresidencialvenezuela.gob.ve\/index.php\/wp-json\/wp\/v2\/posts\/9146","targetHints":{"allow":["GET"]}}],"collection":[{"href":"https:\/\/prensapresidencialvenezuela.gob.ve\/index.php\/wp-json\/wp\/v2\/posts"}],"about":[{"href":"https:\/\/prensapresidencialvenezuela.gob.ve\/index.php\/wp-json\/wp\/v2\/types\/post"}],"author":[{"embeddable":true,"href":"https:\/\/prensapresidencialvenezuela.gob.ve\/index.php\/wp-json\/wp\/v2\/users\/4"}],"replies":[{"embeddable":true,"href":"https:\/\/prensapresidencialvenezuela.gob.ve\/index.php\/wp-json\/wp\/v2\/comments?post=9146"}],"version-history":[{"count":1,"href":"https:\/\/prensapresidencialvenezuela.gob.ve\/index.php\/wp-json\/wp\/v2\/posts\/9146\/revisions"}],"predecessor-version":[{"id":9153,"href":"https:\/\/prensapresidencialvenezuela.gob.ve\/index.php\/wp-json\/wp\/v2\/posts\/9146\/revisions\/9153"}],"wp:featuredmedia":[{"embeddable":true,"href":"https:\/\/prensapresidencialvenezuela.gob.ve\/index.php\/wp-json\/wp\/v2\/media\/9152"}],"wp:attachment":[{"href":"https:\/\/prensapresidencialvenezuela.gob.ve\/index.php\/wp-json\/wp\/v2\/media?parent=9146"}],"wp:term":[{"taxonomy":"category","embeddable":true,"href":"https:\/\/prensapresidencialvenezuela.gob.ve\/index.php\/wp-json\/wp\/v2\/categories?post=9146"},{"taxonomy":"post_tag","embeddable":true,"href":"https:\/\/prensapresidencialvenezuela.gob.ve\/index.php\/wp-json\/wp\/v2\/tags?post=9146"}],"curies":[{"name":"wp","href":"https:\/\/api.w.org\/{rel}","templated":true}]}}