{"id":9172,"date":"2024-03-18T17:34:00","date_gmt":"2024-03-18T21:34:00","guid":{"rendered":"http:\/\/172.27.0.121\/?p=9172"},"modified":"2024-04-15T17:35:46","modified_gmt":"2024-04-15T21:35:46","slug":"presidente-superviso-avances-del-plan-especial-para-descontaminar-el-lago-de-maracaibo","status":"publish","type":"post","link":"https:\/\/prensapresidencialvenezuela.gob.ve\/index.php\/2024\/03\/18\/presidente-superviso-avances-del-plan-especial-para-descontaminar-el-lago-de-maracaibo\/","title":{"rendered":"Presidente supervis\u00f3 avances del Plan Especial para descontaminar el Lago de Maracaibo"},"content":{"rendered":"\n<p><strong>Maracaibo, estado Zulia. \u2013<\/strong> El presidente de la Rep\u00fablica Bolivariana de Venezuela, Nicol\u00e1s Maduro, supervis\u00f3 los avances del Plan Especial para descontaminar el Lago de Maracaibo, el m\u00e1s grande del pa\u00eds, ubicado en la zona noroeste.<\/p>\n\n\n\n<p>\u201cEstoy empe\u00f1ado en un plan estructural que no es de corto plazo, es un plan para ir progresivamente recuperando el lago sagrado\u201d, motivo por el que plante\u00f3 colocar \u201ctuber\u00edas ecol\u00f3gicas\u201d y \u201cgarantizar la seguridad de las operaciones\u201d.<\/p>\n\n\n\n<p>Para ese fin, el Mandatario subray\u00f3 que el Gobierno Nacional cuenta con las comunidades y los consejos comunales. \u201cLes doy mi saludo consejos comunales, a las comunas, a los pescadores y pescadoras\u201d, expres\u00f3.<\/p>\n\n\n\n<p>\u201cRecibo un informe semanal de los pasos de avances\u201d, dijo en su programa Con Maduro +, desde la entidad occidental.<\/p>\n\n\n\n<p>Explic\u00f3 que se \u201ctrata del renacimiento del Lago, tenemos que lograrlo entre todos, porque es una tarea en conjunto\u201d.<\/p>\n\n\n\n<p>Este proyecto guarda relaci\u00f3n con una iniciativa para atender, descontaminar y recuperar el Lago de Maracaibo; un trabajo frente al cual se encuentra el general N\u00e9stor Reverol Torres, vicepresidente de Gobierno para Servicios P\u00fablicos.<\/p>\n\n\n\n<p>Adem\u00e1s, el plan del Gobierno Bolivariano ha contado con el apoyo de cient\u00edficos y t\u00e9cnicos, as\u00ed como de los ministros de Ecosocialismo, Josu\u00e9 Lorca; de Petr\u00f3leo, Rafael Tellechea, y de Pesca y Acuicultura, Juan Carlos Loyo, adem\u00e1s de N\u00e9stor Reverol Torres, tambi\u00e9n ministro de Energ\u00eda El\u00e9ctrica.<\/p>\n\n\n\n<p>En esta l\u00ednea, el jefe de Estado ratific\u00f3 este lunes que el Gobierno est\u00e1 en di\u00e1logo constante y escuchando al sector cient\u00edfico, acad\u00e9mico, popular, pol\u00edtico, al tiempo que pidi\u00f3 el apoyo y tendi\u00f3 la mano al empresariado del estado Zulia.<\/p>\n\n\n\n<p>Como alcances de los trabajos en el marco de este plan, hasta el mes de marzo 2024, la Comisi\u00f3n Presidencial para el Rescate, Conservaci\u00f3n y Desarrollo Sostenible del Lago de Maracaibo, representada por N\u00e9stor Reverol, se conoci\u00f3 el trabajo realizado de manera conjunta de todos los actores t\u00e9cnicos, cient\u00edficos y pol\u00edticos.<\/p>\n\n\n\n<p>Al respecto, Reverol precis\u00f3 que a la fecha se han recolectado 169.000 toneladas de desechos en todas las costas del Lago de Maracaibo y se recuperaron tres embarcaciones de PDVSA encargadas de recoger desechos. As\u00ed tambi\u00e9n el ministro se\u00f1al\u00f3: \u201cEstamos en una franca recuperaci\u00f3n del Lago de Maracaibo\u201d.<\/p>\n\n\n\n<p>En materia cultural, el jefe de Estado aprob\u00f3 propuesta de gaiteros y gaiteras del Zulia para seguir masificando su accionar en favor de los ni\u00f1os y ni\u00f1as del pa\u00eds y as\u00ed multiplicarla con la Misi\u00f3n Viva Venezuela, Mi Patria Querida, a la vez que propuso una nueva sede nacional de la Fundaci\u00f3n de la Gaita Zuliana para el nuevo plan hac\u00eda la juventud.<\/p>\n\n\n\n<p>\u201cTiene que ser aqu\u00ed en Maracaibo\u201d, dijo el presidente Maduro.<\/p>\n\n\n\n<p><strong>Prensa Presidencial\/ Ana\u00eds P\u00e9rez<\/strong><\/p>\n","protected":false},"excerpt":{"rendered":"<p>Maracaibo, estado Zulia. \u2013 El presidente de la Rep\u00fablica Bolivariana de Venezuela, Nicol\u00e1s Maduro, supervis\u00f3 los avances del Plan Especial para descontaminar el Lago de Maracaibo, el m\u00e1s grande del pa\u00eds, ubicado en la zona noroeste. \u201cEstoy empe\u00f1ado en un plan estructural que no es de corto plazo, es un plan para ir progresivamente recuperando [&hellip;]<\/p>\n","protected":false},"author":4,"featured_media":9173,"comment_status":"open","ping_status":"open","sticky":false,"template":"","format":"standard","meta":{"footnotes":""},"categories":[18,7],"tags":[],"class_list":["post-9172","post","type-post","status-publish","format-standard","has-post-thumbnail","hentry","category-noticias-principales","category-notas-de-prensa"],"_links":{"self":[{"href":"https:\/\/prensapresidencialvenezuela.gob.ve\/index.php\/wp-json\/wp\/v2\/posts\/9172","targetHints":{"allow":["GET"]}}],"collection":[{"href":"https:\/\/prensapresidencialvenezuela.gob.ve\/index.php\/wp-json\/wp\/v2\/posts"}],"about":[{"href":"https:\/\/prensapresidencialvenezuela.gob.ve\/index.php\/wp-json\/wp\/v2\/types\/post"}],"author":[{"embeddable":true,"href":"https:\/\/prensapresidencialvenezuela.gob.ve\/index.php\/wp-json\/wp\/v2\/users\/4"}],"replies":[{"embeddable":true,"href":"https:\/\/prensapresidencialvenezuela.gob.ve\/index.php\/wp-json\/wp\/v2\/comments?post=9172"}],"version-history":[{"count":1,"href":"https:\/\/prensapresidencialvenezuela.gob.ve\/index.php\/wp-json\/wp\/v2\/posts\/9172\/revisions"}],"predecessor-version":[{"id":9174,"href":"https:\/\/prensapresidencialvenezuela.gob.ve\/index.php\/wp-json\/wp\/v2\/posts\/9172\/revisions\/9174"}],"wp:featuredmedia":[{"embeddable":true,"href":"https:\/\/prensapresidencialvenezuela.gob.ve\/index.php\/wp-json\/wp\/v2\/media\/9173"}],"wp:attachment":[{"href":"https:\/\/prensapresidencialvenezuela.gob.ve\/index.php\/wp-json\/wp\/v2\/media?parent=9172"}],"wp:term":[{"taxonomy":"category","embeddable":true,"href":"https:\/\/prensapresidencialvenezuela.gob.ve\/index.php\/wp-json\/wp\/v2\/categories?post=9172"},{"taxonomy":"post_tag","embeddable":true,"href":"https:\/\/prensapresidencialvenezuela.gob.ve\/index.php\/wp-json\/wp\/v2\/tags?post=9172"}],"curies":[{"name":"wp","href":"https:\/\/api.w.org\/{rel}","templated":true}]}}