{"id":9181,"date":"2024-03-18T17:37:00","date_gmt":"2024-03-18T21:37:00","guid":{"rendered":"http:\/\/172.27.0.121\/?p=9181"},"modified":"2024-04-15T17:38:44","modified_gmt":"2024-04-15T21:38:44","slug":"presidente-maduro-visita-el-parque-monumental-ana-maria-campos-en-arranque-de-su-segunda-fase","status":"publish","type":"post","link":"https:\/\/prensapresidencialvenezuela.gob.ve\/index.php\/2024\/03\/18\/presidente-maduro-visita-el-parque-monumental-ana-maria-campos-en-arranque-de-su-segunda-fase\/","title":{"rendered":"Presidente Maduro visita el Parque Monumental Ana Mar\u00eda Campos en arranque de su segunda fase"},"content":{"rendered":"\n<p><strong>Maracaibo, estado Zulia.-<\/strong> Este lunes qued\u00f3 oficialmente inaugurado por el presidente de la Rep\u00fablica, Nicol\u00e1s Maduro, el Parque Monumental Ana Mar\u00eda Campos, ubicado en el sector Grano de Oro del municipio Maracaibo, estado Zulia.<\/p>\n\n\n\n<p>En la edici\u00f3n N.\u00ba 38 del programa Con Maduro +, el jefe de Estado, dio la bienvenida a los zulianos y zulianas a este nuevo espacio recreacional y cultural de gran importancia para la regi\u00f3n zuliana.<\/p>\n\n\n\n<p>\u201cEntregamos las primeras diez hect\u00e1reas del Parque Ana Mar\u00eda Campos. Vamos por m\u00e1s. Les regal\u00e9 el parque m\u00e1s hermoso que se pod\u00eda regalar al Zulia. Vamos por m\u00e1s por el Zulia y Venezuela\u201d, expres\u00f3 el presidente Maduro, al abrir las puertas del parque de manera oficial.<\/p>\n\n\n\n<p>En su recorrido por el Parque Monumental, el Mandatario nacional estuvo acompa\u00f1ado por la juventud zuliana, la Primera Combatiente de la Rep\u00fablica, Cilia Flores de Maduro; el Jefe Supremo del Zulia, Diosdado Cabello; la presidenta de la Misi\u00f3n Venezuela Bella, Jacqueline Faria; entre otras autoridades regionales que participan en la obra.<\/p>\n\n\n\n<p>La presidente de la Misi\u00f3n Venezuela Bella, Jacqueline Faria, explic\u00f3 en la secci\u00f3n \u201cCon Maduro M\u00e1s Cerca\u201d, que este parque ofrece a los zulianos y zulianas 10 hect\u00e1reas para la recreaci\u00f3n \u201cen su primera etapa con cinco fuentes de agua, 4,5 hect\u00e1reas de zonas verdes, 17 canchas que permite se practiquen todos los deportes\u201d.<\/p>\n\n\n\n<p>\u201cNo hemos cumplido todav\u00eda dos meses y hemos recibido casi 200 mil personas. Viene una segunda etapa donde ya se est\u00e1n construyendo 18 hect\u00e1reas\u201d, inform\u00f3 Far\u00eda.<\/p>\n\n\n\n<p>Igualmente, dijo que se construir\u00e1 una concha ac\u00fastica con capacidad para albergar 2.000 personas, un teatrino para ni\u00f1os y ni\u00f1as, y una cancha de fresbee.<\/p>\n\n\n\n<p><strong>Recuperaci\u00f3n de espacios<\/strong><\/p>\n\n\n\n<p>En la transmisi\u00f3n del programa, el presidente Maduro, orden\u00f3 la restauraci\u00f3n de espacios como la Escuela de los Ni\u00f1os Cantores del Zulia, as\u00ed como lugares adjuntos al Instituto Ni\u00f1os Cantores del Zulia como el teatro, el Centro de Formaci\u00f3n Deportivo y el Gimnasio cubierto.<\/p>\n\n\n\n<p>\u201cLas sanciones no nos parar\u00e1n, recuperaremos estos importantes espacios para el Zulia\u201d, recalc\u00f3.<br>Un parque para la cultura y tradici\u00f3n.<\/p>\n\n\n\n<p>Hasta la fecha, el Parque Monumental Ana Mar\u00eda Campos ha permitido cubrir las necesidades de espacios recreativos y \u00e1reas verdes para el disfrute de la poblaci\u00f3n local y ha dado paso a la consolidaci\u00f3n del Eje Universitario y Deportivo que lo integra.<\/p>\n\n\n\n<p>Asimismo, cuenta con un dise\u00f1o, imagen y funcionamiento que refleja la cultura y tradici\u00f3n que han construido en su historia los marabinos; es as\u00ed como se ha convertido en un espacio para rendir homenaje a la hero\u00edna Ana Mar\u00eda Campos y seguir profundizando el legado libertario y hero\u00edsmo de los pr\u00f3ceres de la Patria.<\/p>\n\n\n\n<p>En su segunda etapa, incluye un anfiteatro, canchas para bolas criollas, terrazas para el juego de trompo y cancha de frisbee, entornos que buscan el disfrute de la colectividad del Zulia en general.<\/p>\n\n\n\n<p>Para la concreci\u00f3n de esta fase se han iniciado los trabajos de movimiento de tierra para alcanzar la ampliaci\u00f3n del parque que tendr\u00e1 como ejes arquitect\u00f3nicos fundamentales lo cultural y lo recreativo.<\/p>\n\n\n\n<p>El 28 de enero de 2024, fue la fecha en la que el emblem\u00e1tico parque abri\u00f3 sus puertas. Antes, el 24 de julio de 2023, se instruy\u00f3 levantar este espacio para los ni\u00f1os, ni\u00f1as, j\u00f3venes e infantes con alguna discapacidad motora.<\/p>\n\n\n\n<p><strong>En contexto<\/strong><\/p>\n\n\n\n<p>La primera etapa del Parque Monumental, cuenta con espacios de esparcimiento, y espacios deportivos, para toda la familia, y todas las disciplinas.<\/p>\n\n\n\n<p>En estas primeras 10 hect\u00e1reas de terreno, se construyeron 12 canchas de diferentes disciplinas como baloncesto, f\u00fatbol sala, voleibol y p\u00e1del, adem\u00e1s del parque de patinetas m\u00e1s grande de Latinoam\u00e9rica, realizado en concreto, que cuenta con rampas distribuidas para ni\u00f1os, aprendices, practicantes y<\/p>\n\n\n\n<p>profesionales; donde se realizan competencias de skateboarding y BMX a nivel nacional e internacional.<br>El Parque Monumental Ana Mar\u00eda Campos, tiene, igualmente, 4 fuentes interactivas, caminer\u00edas construidas con adoquines, ciclov\u00edas, jard\u00edn xer\u00f3filo, \u00e1reas recreativas y de esparcimiento.Adem\u00e1s, cuenta con dos (2) lagunas, feria de comidas, parque biosaludable y \u00e1rea de CrossFit, distribuidas en este majestuoso espacio que cuenta con todos los servicios para la atenci\u00f3n de sus visitantes.<\/p>\n\n\n\n<p><strong>Prensa Presidencial \/ Rosiris Ortega Ortiz \/ Ana\u00eds P\u00e9rez<\/strong><\/p>\n","protected":false},"excerpt":{"rendered":"<p>Maracaibo, estado Zulia.- Este lunes qued\u00f3 oficialmente inaugurado por el presidente de la Rep\u00fablica, Nicol\u00e1s Maduro, el Parque Monumental Ana Mar\u00eda Campos, ubicado en el sector Grano de Oro del municipio Maracaibo, estado Zulia. En la edici\u00f3n N.\u00ba 38 del programa Con Maduro +, el jefe de Estado, dio la bienvenida a los zulianos y [&hellip;]<\/p>\n","protected":false},"author":4,"featured_media":9183,"comment_status":"open","ping_status":"open","sticky":false,"template":"","format":"standard","meta":{"footnotes":""},"categories":[18,7],"tags":[],"class_list":["post-9181","post","type-post","status-publish","format-standard","has-post-thumbnail","hentry","category-noticias-principales","category-notas-de-prensa"],"_links":{"self":[{"href":"https:\/\/prensapresidencialvenezuela.gob.ve\/index.php\/wp-json\/wp\/v2\/posts\/9181","targetHints":{"allow":["GET"]}}],"collection":[{"href":"https:\/\/prensapresidencialvenezuela.gob.ve\/index.php\/wp-json\/wp\/v2\/posts"}],"about":[{"href":"https:\/\/prensapresidencialvenezuela.gob.ve\/index.php\/wp-json\/wp\/v2\/types\/post"}],"author":[{"embeddable":true,"href":"https:\/\/prensapresidencialvenezuela.gob.ve\/index.php\/wp-json\/wp\/v2\/users\/4"}],"replies":[{"embeddable":true,"href":"https:\/\/prensapresidencialvenezuela.gob.ve\/index.php\/wp-json\/wp\/v2\/comments?post=9181"}],"version-history":[{"count":1,"href":"https:\/\/prensapresidencialvenezuela.gob.ve\/index.php\/wp-json\/wp\/v2\/posts\/9181\/revisions"}],"predecessor-version":[{"id":9184,"href":"https:\/\/prensapresidencialvenezuela.gob.ve\/index.php\/wp-json\/wp\/v2\/posts\/9181\/revisions\/9184"}],"wp:featuredmedia":[{"embeddable":true,"href":"https:\/\/prensapresidencialvenezuela.gob.ve\/index.php\/wp-json\/wp\/v2\/media\/9183"}],"wp:attachment":[{"href":"https:\/\/prensapresidencialvenezuela.gob.ve\/index.php\/wp-json\/wp\/v2\/media?parent=9181"}],"wp:term":[{"taxonomy":"category","embeddable":true,"href":"https:\/\/prensapresidencialvenezuela.gob.ve\/index.php\/wp-json\/wp\/v2\/categories?post=9181"},{"taxonomy":"post_tag","embeddable":true,"href":"https:\/\/prensapresidencialvenezuela.gob.ve\/index.php\/wp-json\/wp\/v2\/tags?post=9181"}],"curies":[{"name":"wp","href":"https:\/\/api.w.org\/{rel}","templated":true}]}}