{"id":9182,"date":"2024-02-22T17:37:33","date_gmt":"2024-02-22T21:37:33","guid":{"rendered":"http:\/\/172.27.0.121\/?p=9182"},"modified":"2024-04-15T17:39:10","modified_gmt":"2024-04-15T21:39:10","slug":"presidente-maduro-participa-en-jornadas-de-debate-de-las-7t","status":"publish","type":"post","link":"https:\/\/prensapresidencialvenezuela.gob.ve\/index.php\/2024\/02\/22\/presidente-maduro-participa-en-jornadas-de-debate-de-las-7t\/","title":{"rendered":"Presidente Maduro participa en jornadas de debate de las 7T"},"content":{"rendered":"\n<p><\/p>\n\n\n\n<p><strong>Palacio de Miraflores, Caracas.-<\/strong> El presidente de la Rep\u00fablica Bolivariana de Venezuela, Nicol\u00e1s Maduro, particip\u00f3 v\u00eda telef\u00f3nica en los talleres de acci\u00f3n conjunta en el marco de las 7 Transformaciones rumbo al 2030.<\/p>\n\n\n\n<p>El presidente Maduro reiter\u00f3 que vivimos un per\u00edodo heroico de lucha, de consultas &nbsp;&nbsp;y debates, produciendo y trabajando &nbsp;con estas 7 l\u00edneas de acci\u00f3n buscando en este marco social lograr un mejor futuro en uni\u00f3n nacional.<\/p>\n\n\n\n<p>\u00abHe visto los documentos que me han llegado, muy buenas propuestas. Vamos a darle duro con este tema. Producir, trabajar y dibujar nuestro futuro juntos\u00bb, recalc\u00f3 el Mandatario nacional.<\/p>\n\n\n\n<p>Agreg\u00f3 que sigue de cerca las jornadas de consulta, debate y la acci\u00f3n, lo que denomin\u00f3 \u201cel m\u00e9todo CDA\u201d, que se est\u00e1 desarrollando en una primera fase, en todo el territorio nacional, y que se extender\u00e1 hasta la pr\u00f3xima semana \u201cpara que todos participen en su comunidad\u00bb.<\/p>\n\n\n\n<p>El Jefe de Estado enfatiz\u00f3 que estas 7 Transformaciones marcan una etapa \u201cde gran impulso, para consolidar y ahora s\u00ed avanzar hacia la Venezuela potencia, para recuperar el terreno perdido en lo social, el tiempo perdido en lo econ\u00f3mico, para lanzar los planes grandes de conquista de una sociedad justa, muy humana y socialista\u201d.<\/p>\n\n\n\n<p><strong>Prensa Presidencial \/ Orlando Ruiz<\/strong><\/p>\n","protected":false},"excerpt":{"rendered":"<p>Palacio de Miraflores, Caracas.- El presidente de la Rep\u00fablica Bolivariana de Venezuela, Nicol\u00e1s Maduro, particip\u00f3 v\u00eda telef\u00f3nica en los talleres de acci\u00f3n conjunta en el marco de las 7 Transformaciones rumbo al 2030. El presidente Maduro reiter\u00f3 que vivimos un per\u00edodo heroico de lucha, de consultas &nbsp;&nbsp;y debates, produciendo y trabajando &nbsp;con estas 7 l\u00edneas [&hellip;]<\/p>\n","protected":false},"author":1,"featured_media":8971,"comment_status":"open","ping_status":"open","sticky":false,"template":"","format":"standard","meta":{"footnotes":""},"categories":[7],"tags":[],"class_list":["post-9182","post","type-post","status-publish","format-standard","has-post-thumbnail","hentry","category-notas-de-prensa"],"_links":{"self":[{"href":"https:\/\/prensapresidencialvenezuela.gob.ve\/index.php\/wp-json\/wp\/v2\/posts\/9182","targetHints":{"allow":["GET"]}}],"collection":[{"href":"https:\/\/prensapresidencialvenezuela.gob.ve\/index.php\/wp-json\/wp\/v2\/posts"}],"about":[{"href":"https:\/\/prensapresidencialvenezuela.gob.ve\/index.php\/wp-json\/wp\/v2\/types\/post"}],"author":[{"embeddable":true,"href":"https:\/\/prensapresidencialvenezuela.gob.ve\/index.php\/wp-json\/wp\/v2\/users\/1"}],"replies":[{"embeddable":true,"href":"https:\/\/prensapresidencialvenezuela.gob.ve\/index.php\/wp-json\/wp\/v2\/comments?post=9182"}],"version-history":[{"count":1,"href":"https:\/\/prensapresidencialvenezuela.gob.ve\/index.php\/wp-json\/wp\/v2\/posts\/9182\/revisions"}],"predecessor-version":[{"id":9186,"href":"https:\/\/prensapresidencialvenezuela.gob.ve\/index.php\/wp-json\/wp\/v2\/posts\/9182\/revisions\/9186"}],"wp:featuredmedia":[{"embeddable":true,"href":"https:\/\/prensapresidencialvenezuela.gob.ve\/index.php\/wp-json\/wp\/v2\/media\/8971"}],"wp:attachment":[{"href":"https:\/\/prensapresidencialvenezuela.gob.ve\/index.php\/wp-json\/wp\/v2\/media?parent=9182"}],"wp:term":[{"taxonomy":"category","embeddable":true,"href":"https:\/\/prensapresidencialvenezuela.gob.ve\/index.php\/wp-json\/wp\/v2\/categories?post=9182"},{"taxonomy":"post_tag","embeddable":true,"href":"https:\/\/prensapresidencialvenezuela.gob.ve\/index.php\/wp-json\/wp\/v2\/tags?post=9182"}],"curies":[{"name":"wp","href":"https:\/\/api.w.org\/{rel}","templated":true}]}}