{"id":9187,"date":"2024-02-23T17:39:29","date_gmt":"2024-02-23T21:39:29","guid":{"rendered":"http:\/\/172.27.0.121\/?p=9187"},"modified":"2024-04-15T17:45:02","modified_gmt":"2024-04-15T21:45:02","slug":"se-cumplen-cinco-anos-de-la-batalla-de-los-puentes","status":"publish","type":"post","link":"https:\/\/prensapresidencialvenezuela.gob.ve\/index.php\/2024\/02\/23\/se-cumplen-cinco-anos-de-la-batalla-de-los-puentes\/","title":{"rendered":"Se cumplen cinco a\u00f1os de la Batalla de los Puentes"},"content":{"rendered":"\n<p><strong>Palacio de Miraflores, Caracas.-<\/strong> El presidente de la Rep\u00fablica, Nicol\u00e1s Maduro Moros, conmemora la tarde de este viernes el 5\u00b0 Aniversario de lo que se conoce como la Batalla de los Puentes, en la frontera con Colombia, cuando fuerzas de la ultraderecha nacional e internacional pretendieron generar un conflicto armado de grandes proporciones.<\/p>\n\n\n\n<p>M\u00e1s temprano, el Jefe de Estado record\u00f3 que este 23 de febrero se conmemora un a\u00f1o m\u00e1s de esta gesta heroica en la que el pueblo bolivariano defendi\u00f3 la paz y la soberan\u00eda nacional.<\/p>\n\n\n\n<p>\u00abConmemoramos 5 a\u00f1os de la victoria del Pueblo venezolano en la Batalla de los Puentes, enfrentamiento que tuvo lugar en la frontera colombo-venezolana\u00bb, afirm\u00f3 el Mandatario en su cuenta de X, @NicolasMaduro.<\/p>\n\n\n\n<p>En este sentido, el Dignatario a\u00f1adi\u00f3 que \u201cla invencible uni\u00f3n c\u00edvico-militar-policial bolivariana derrot\u00f3 el plan de invasi\u00f3n orquestado por el imperialismo y sus c\u00f3mplices en la regi\u00f3n\u201d.<br>En febrero del a\u00f1o 2019, los sectores ultraderechistas encabezados por el exdiputado Juan Guaid\u00f3 montaron una violenta campa\u00f1a para invadir a la naci\u00f3n venezolana con una supuesta caravana de ayuda humanitaria.<\/p>\n\n\n\n<p>A su vez, el plan de desestabilizaci\u00f3n, encabezado por el entonces presidente de EE.UU., Donald Trump, cont\u00f3 con el apoyo de los otrora mandatarios de Chile, Sebasti\u00e1n Pi\u00f1era; Colombia, Iv\u00e1n Duque, y Paraguay, Mario Abdo Ben\u00edtez.<\/p>\n\n\n\n<p>En la frontera colombo-venezolana, espec\u00edficamente en el Puente Internacional Sim\u00f3n Bol\u00edvar, y el l\u00edmite con Brasil, Santa Elena de Uair\u00e9n, estado Bol\u00edvar, desestabilizadores intentaron pasar a Venezuela con una supuesta ayuda humanitaria de la Agencia de los Estados Unidos para el Desarrollo Internacional (Usaid).<\/p>\n\n\n\n<p>Desde el Puesto de Comando Presidencial del 1&#215;10 del Buen Gobierno, ubicado en Palacio Blanco, en Caracas, el presidente Maduro se encuentra acompa\u00f1ado por<br><\/p>\n\n\n\n<p><strong>Prensa Presidencial \/ Eduardo Hueck<\/strong><\/p>\n\n\n\n<p><\/p>\n","protected":false},"excerpt":{"rendered":"<p>Palacio de Miraflores, Caracas.- El presidente de la Rep\u00fablica, Nicol\u00e1s Maduro Moros, conmemora la tarde de este viernes el 5\u00b0 Aniversario de lo que se conoce como la Batalla de los Puentes, en la frontera con Colombia, cuando fuerzas de la ultraderecha nacional e internacional pretendieron generar un conflicto armado de grandes proporciones. M\u00e1s temprano, [&hellip;]<\/p>\n","protected":false},"author":1,"featured_media":9195,"comment_status":"open","ping_status":"open","sticky":false,"template":"","format":"standard","meta":{"footnotes":""},"categories":[7],"tags":[],"class_list":["post-9187","post","type-post","status-publish","format-standard","has-post-thumbnail","hentry","category-notas-de-prensa"],"_links":{"self":[{"href":"https:\/\/prensapresidencialvenezuela.gob.ve\/index.php\/wp-json\/wp\/v2\/posts\/9187","targetHints":{"allow":["GET"]}}],"collection":[{"href":"https:\/\/prensapresidencialvenezuela.gob.ve\/index.php\/wp-json\/wp\/v2\/posts"}],"about":[{"href":"https:\/\/prensapresidencialvenezuela.gob.ve\/index.php\/wp-json\/wp\/v2\/types\/post"}],"author":[{"embeddable":true,"href":"https:\/\/prensapresidencialvenezuela.gob.ve\/index.php\/wp-json\/wp\/v2\/users\/1"}],"replies":[{"embeddable":true,"href":"https:\/\/prensapresidencialvenezuela.gob.ve\/index.php\/wp-json\/wp\/v2\/comments?post=9187"}],"version-history":[{"count":1,"href":"https:\/\/prensapresidencialvenezuela.gob.ve\/index.php\/wp-json\/wp\/v2\/posts\/9187\/revisions"}],"predecessor-version":[{"id":9196,"href":"https:\/\/prensapresidencialvenezuela.gob.ve\/index.php\/wp-json\/wp\/v2\/posts\/9187\/revisions\/9196"}],"wp:featuredmedia":[{"embeddable":true,"href":"https:\/\/prensapresidencialvenezuela.gob.ve\/index.php\/wp-json\/wp\/v2\/media\/9195"}],"wp:attachment":[{"href":"https:\/\/prensapresidencialvenezuela.gob.ve\/index.php\/wp-json\/wp\/v2\/media?parent=9187"}],"wp:term":[{"taxonomy":"category","embeddable":true,"href":"https:\/\/prensapresidencialvenezuela.gob.ve\/index.php\/wp-json\/wp\/v2\/categories?post=9187"},{"taxonomy":"post_tag","embeddable":true,"href":"https:\/\/prensapresidencialvenezuela.gob.ve\/index.php\/wp-json\/wp\/v2\/tags?post=9187"}],"curies":[{"name":"wp","href":"https:\/\/api.w.org\/{rel}","templated":true}]}}