{"id":9225,"date":"2024-02-23T17:50:45","date_gmt":"2024-02-23T21:50:45","guid":{"rendered":"http:\/\/172.27.0.121\/?p=9225"},"modified":"2024-04-15T17:52:00","modified_gmt":"2024-04-15T21:52:00","slug":"poder-popular-debate-y-construye-propuestas-de-las-7t-rumbo-al-2030","status":"publish","type":"post","link":"https:\/\/prensapresidencialvenezuela.gob.ve\/index.php\/2024\/02\/23\/poder-popular-debate-y-construye-propuestas-de-las-7t-rumbo-al-2030\/","title":{"rendered":"Poder Popular debate y construye propuestas de las 7T rumbo al 2030"},"content":{"rendered":"\n<p><\/p>\n\n\n\n<p><strong>Palacio de Miraflores, Caracas.- <\/strong>A prop\u00f3sito de las asambleas de base, territoriales y sectoriales que se llevan a cabo en el territorio nacional, &nbsp;el presidente de la Rep\u00fablica, Nicol\u00e1s Maduro, destac\u00f3 que el pueblo participa activamente en la construcci\u00f3n de las l\u00edneas de acci\u00f3n que regir\u00e1n las 7 Transformaciones (7T) rumbo al 2030.<\/p>\n\n\n\n<p>Durante la conmemoraci\u00f3n del 5\u00b0aniversario de la Batalla de los Puentes, desde el Puesto de Comando Presidencial del 1&#215;10 del Buen Gobierno, ubicado en el Palacio Blanco de Caracas, el Dignatario realiz\u00f3 un enlace televisivo al Parque Miranda, para constatar el debate de las propuestas en el marco de la sexta l\u00ednea de acci\u00f3n, ecolog\u00eda.<\/p>\n\n\n\n<p>\u201cEsta sexta transformaci\u00f3n busca salvar el planeta, a la especie humana, por el derecho de que el pueblo tenga una ciudad verde y habitable (\u2026) Es una de las transformaciones m\u00e1s importantes y vitales para nuestro pa\u00eds y para el mundo entero (\u2026) el capitalismo es el responsable de la emergencia clim\u00e1tica, por el modelo depredador de un sistema productivo capitalista que busca destruir los derechos de la naturaleza\u201d, sentenci\u00f3 la vicepresidenta Ejecutiva, Delcy Rodr\u00edguez.<\/p>\n\n\n\n<p>La sexta transformaci\u00f3n de acci\u00f3n busca sumar acciones para combatir la crisis clim\u00e1tica, adem\u00e1s de promover de manera consciente el pueblo del impacto ambiental como consecuencia del voraz capitalismo.<\/p>\n\n\n\n<p>En tanto, las comunidades del Distrito Capital debatieron en el auditorio \u201cJos\u00e9 Chino Khan\u201d, la cuarta transformaci\u00f3n, la cual garantizar\u00e1 el bienestar social y la renovaci\u00f3n del modelo de protecci\u00f3n humanista, afianzando las misiones y grandes misiones.<\/p>\n\n\n\n<p>Las propuestas apuntan a garantizar un sistema de los derechos humanos integrales, de satisfacci\u00f3n de la necesidad de la poblaci\u00f3n, as\u00ed como fomentar un nuevo modelo econ\u00f3mico que permita enfrentar las medidas coercitivas unilaterales, con el prop\u00f3sito de promover la recuperaci\u00f3n y equipamiento de la infraestructura en el \u00e1rea social.<\/p>\n\n\n\n<p>Por su parte, en el oriente del pa\u00eds se realiz\u00f3 un gran encuentro de comunas en la cancha Callaurima, del estado Anzo\u00e1tegui, el cual permiti\u00f3 debatir la quinta transformaci\u00f3n que busca consolidar la democracia directa, para lo cual se desplegaron las asambleas de base a lo largo del estado.<\/p>\n\n\n\n<p>En este sentido, las comunidades trazaron una ruta de acci\u00f3n y trabajo que generaran l\u00edneas de acci\u00f3n a ejecutar para el cumplimiento de las 7T en las comunidades de Anzo\u00e1tegui, que apunten a garantizar las soluciones inmediatas e integrales.<\/p>\n\n\n\n<p>\u201cNosotros somos la garant\u00eda de la democracia y la libertad, de la consulta permanente, del debate libre, diverso, necesario y estamos en contra de cualquier m\u00e9todo cupular, elitesco, le decimos no a las \u00e9lites capitalistas de los apellidos\u201d, sentenci\u00f3 el Mandatario.<\/p>\n\n\n\n<p><strong>Prensa Presidencial \/ Joelin Jim\u00e9nez<\/strong><\/p>\n","protected":false},"excerpt":{"rendered":"<p>Palacio de Miraflores, Caracas.- A prop\u00f3sito de las asambleas de base, territoriales y sectoriales que se llevan a cabo en el territorio nacional, &nbsp;el presidente de la Rep\u00fablica, Nicol\u00e1s Maduro, destac\u00f3 que el pueblo participa activamente en la construcci\u00f3n de las l\u00edneas de acci\u00f3n que regir\u00e1n las 7 Transformaciones (7T) rumbo al 2030. Durante la [&hellip;]<\/p>\n","protected":false},"author":1,"featured_media":9229,"comment_status":"open","ping_status":"open","sticky":false,"template":"","format":"standard","meta":{"footnotes":""},"categories":[7],"tags":[],"class_list":["post-9225","post","type-post","status-publish","format-standard","has-post-thumbnail","hentry","category-notas-de-prensa"],"_links":{"self":[{"href":"https:\/\/prensapresidencialvenezuela.gob.ve\/index.php\/wp-json\/wp\/v2\/posts\/9225","targetHints":{"allow":["GET"]}}],"collection":[{"href":"https:\/\/prensapresidencialvenezuela.gob.ve\/index.php\/wp-json\/wp\/v2\/posts"}],"about":[{"href":"https:\/\/prensapresidencialvenezuela.gob.ve\/index.php\/wp-json\/wp\/v2\/types\/post"}],"author":[{"embeddable":true,"href":"https:\/\/prensapresidencialvenezuela.gob.ve\/index.php\/wp-json\/wp\/v2\/users\/1"}],"replies":[{"embeddable":true,"href":"https:\/\/prensapresidencialvenezuela.gob.ve\/index.php\/wp-json\/wp\/v2\/comments?post=9225"}],"version-history":[{"count":1,"href":"https:\/\/prensapresidencialvenezuela.gob.ve\/index.php\/wp-json\/wp\/v2\/posts\/9225\/revisions"}],"predecessor-version":[{"id":9230,"href":"https:\/\/prensapresidencialvenezuela.gob.ve\/index.php\/wp-json\/wp\/v2\/posts\/9225\/revisions\/9230"}],"wp:featuredmedia":[{"embeddable":true,"href":"https:\/\/prensapresidencialvenezuela.gob.ve\/index.php\/wp-json\/wp\/v2\/media\/9229"}],"wp:attachment":[{"href":"https:\/\/prensapresidencialvenezuela.gob.ve\/index.php\/wp-json\/wp\/v2\/media?parent=9225"}],"wp:term":[{"taxonomy":"category","embeddable":true,"href":"https:\/\/prensapresidencialvenezuela.gob.ve\/index.php\/wp-json\/wp\/v2\/categories?post=9225"},{"taxonomy":"post_tag","embeddable":true,"href":"https:\/\/prensapresidencialvenezuela.gob.ve\/index.php\/wp-json\/wp\/v2\/tags?post=9225"}],"curies":[{"name":"wp","href":"https:\/\/api.w.org\/{rel}","templated":true}]}}