{"id":9236,"date":"2024-03-19T17:52:00","date_gmt":"2024-03-19T21:52:00","guid":{"rendered":"http:\/\/172.27.0.121\/?p=9236"},"modified":"2024-04-15T17:54:10","modified_gmt":"2024-04-15T21:54:10","slug":"presidente-alerta-al-pueblo-ante-el-plan-de-violencia-de-los-apellidos-y-del-imperialismo","status":"publish","type":"post","link":"https:\/\/prensapresidencialvenezuela.gob.ve\/index.php\/2024\/03\/19\/presidente-alerta-al-pueblo-ante-el-plan-de-violencia-de-los-apellidos-y-del-imperialismo\/","title":{"rendered":"Presidente alerta al pueblo ante el \u201cplan de violencia de los apellidos y del imperialismo\u201d"},"content":{"rendered":"\n<p><strong>Paseo Monumental de Los Pr\u00f3ceres, Caracas. \u2013<\/strong> El presidente de la Rep\u00fablica Bolivariana de Venezuela, Nicol\u00e1s Maduro, insiste en mantener despierto al pueblo ante el \u201cplan de violencia de los apellidos y del imperialismo\u201d.<\/p>\n\n\n\n<p>En el I Encuentro del Voluntariado para la Transformaci\u00f3n del Futuro en el contexto de las 7T, subray\u00f3 que esta es la clave para ganar. \u201cAlerta, pendientes, depuestos, organizados y trabajando\u201d.<\/p>\n\n\n\n<p>Ejemplific\u00f3 que la f\u00f3rmula es que \u201c(\u2026) con una mano gano la paz y con otra siembro la tierra, recupero la escuela con las Bricomiles, despliego las Grandes Misiones, activo en la producci\u00f3n\u201d.<\/p>\n\n\n\n<p>\u201cAlerta Venezuela, lo estoy diciendo a tiempo, tengo los elementos en la mano, y s\u00e9 que otra vez, vamos a ganar, le vamos a ganar a la oligarqu\u00eda, s\u00e9 que vamos a ganar por la paz, con el pueblo, lo s\u00e9, lo s\u00e9. \u00a1Lo s\u00e9, lo s\u00e9, vamos a ganar! Por la paz, cada vez\u201d, expres\u00f3.<\/p>\n\n\n\n<p>Estas palabras las pronunci\u00f3 el Mandatario venezolano al ratificar su denuncia ante el \u201cplan de violencia de los apellidos, del imperialismo\u201d, cuyo \u201c\u00fanico plan es desestabilizar a Venezuela, llenar de violencia y se est\u00e1n preparando para las guarimbas, metan el ojo en su cuadra, su calle, su comunidad. Tenemos que ganar la paz, antes, durante y despu\u00e9s de las elecciones del 28 de julio\u201d.<\/p>\n\n\n\n<p>Insisti\u00f3: \u201cGanarles a los apellidos, as sus t\u00edteres y a la oligarqu\u00eda, antes, durante y despu\u00e9s. Ganar siempre, ganar la paz, ganar la vida, ganar la Patria.<\/p>\n\n\n\n<p><strong>Prensa Presidencial \/ Ana\u00eds P\u00e9rez<\/strong><\/p>\n","protected":false},"excerpt":{"rendered":"<p>Paseo Monumental de Los Pr\u00f3ceres, Caracas. \u2013 El presidente de la Rep\u00fablica Bolivariana de Venezuela, Nicol\u00e1s Maduro, insiste en mantener despierto al pueblo ante el \u201cplan de violencia de los apellidos y del imperialismo\u201d. En el I Encuentro del Voluntariado para la Transformaci\u00f3n del Futuro en el contexto de las 7T, subray\u00f3 que esta es [&hellip;]<\/p>\n","protected":false},"author":4,"featured_media":9240,"comment_status":"open","ping_status":"open","sticky":false,"template":"","format":"standard","meta":{"footnotes":""},"categories":[18,7],"tags":[],"class_list":["post-9236","post","type-post","status-publish","format-standard","has-post-thumbnail","hentry","category-noticias-principales","category-notas-de-prensa"],"_links":{"self":[{"href":"https:\/\/prensapresidencialvenezuela.gob.ve\/index.php\/wp-json\/wp\/v2\/posts\/9236","targetHints":{"allow":["GET"]}}],"collection":[{"href":"https:\/\/prensapresidencialvenezuela.gob.ve\/index.php\/wp-json\/wp\/v2\/posts"}],"about":[{"href":"https:\/\/prensapresidencialvenezuela.gob.ve\/index.php\/wp-json\/wp\/v2\/types\/post"}],"author":[{"embeddable":true,"href":"https:\/\/prensapresidencialvenezuela.gob.ve\/index.php\/wp-json\/wp\/v2\/users\/4"}],"replies":[{"embeddable":true,"href":"https:\/\/prensapresidencialvenezuela.gob.ve\/index.php\/wp-json\/wp\/v2\/comments?post=9236"}],"version-history":[{"count":1,"href":"https:\/\/prensapresidencialvenezuela.gob.ve\/index.php\/wp-json\/wp\/v2\/posts\/9236\/revisions"}],"predecessor-version":[{"id":9241,"href":"https:\/\/prensapresidencialvenezuela.gob.ve\/index.php\/wp-json\/wp\/v2\/posts\/9236\/revisions\/9241"}],"wp:featuredmedia":[{"embeddable":true,"href":"https:\/\/prensapresidencialvenezuela.gob.ve\/index.php\/wp-json\/wp\/v2\/media\/9240"}],"wp:attachment":[{"href":"https:\/\/prensapresidencialvenezuela.gob.ve\/index.php\/wp-json\/wp\/v2\/media?parent=9236"}],"wp:term":[{"taxonomy":"category","embeddable":true,"href":"https:\/\/prensapresidencialvenezuela.gob.ve\/index.php\/wp-json\/wp\/v2\/categories?post=9236"},{"taxonomy":"post_tag","embeddable":true,"href":"https:\/\/prensapresidencialvenezuela.gob.ve\/index.php\/wp-json\/wp\/v2\/tags?post=9236"}],"curies":[{"name":"wp","href":"https:\/\/api.w.org\/{rel}","templated":true}]}}