{"id":925,"date":"2022-01-23T21:15:00","date_gmt":"2022-01-23T21:15:00","guid":{"rendered":"http:\/\/172.27.0.121\/?p=925"},"modified":"2022-05-28T21:17:00","modified_gmt":"2022-05-28T21:17:00","slug":"alerta-sobre-intento-de-golpe-de-estado-provino-de-la-casa-blanca","status":"publish","type":"post","link":"https:\/\/prensapresidencialvenezuela.gob.ve\/index.php\/2022\/01\/23\/alerta-sobre-intento-de-golpe-de-estado-provino-de-la-casa-blanca\/","title":{"rendered":"Alerta sobre intento de golpe de Estado provino de la Casa Blanca"},"content":{"rendered":"\n<p><strong>Palacio de Miraflores, Caracas.-<\/strong> Desde la Casa Blanca de Estados Unidos provino la informaci\u00f3n \u00abde que se pretend\u00eda imponer un presidente t\u00edtere para ejecutar un plan de golpe de Estado, intervenci\u00f3n militar y control pol\u00edtico en Venezuela\u00bb, desvel\u00f3 el presidente de la Rep\u00fablica, Nicol\u00e1s Maduro, al cumplirse tres a\u00f1os de la instauraci\u00f3n de un supuesto \u00abgobierno paralelo\u00bb dirigido por el golpista Juan Guaid\u00f3.<\/p>\n\n\n\n<p>\u00abLo supimos desde la Casa Blanca porque de ah\u00ed se urdi\u00f3 el plan. En la Casa Blanca fue que se aprob\u00f3 el plan de imponerle a Venezuela un presidente t\u00edtere, lo sab\u00edamos con tiempo\u00bb, detall\u00f3 desde el Palacio de Miraflores, ubicado en Caracas.<\/p>\n\n\n\n<p>Dada la informaci\u00f3n previa, se\u00f1al\u00f3 que consinti\u00f3 el encuentro entre el primer vicepresidente del Partido Socialista Unido de Venezuela (PSUV), Diosdado Cabello y el exdiputado Juan Guaid\u00f3 el 22 de enero de 2019 \u00abcon la seguridad de que todo lo que dir\u00e1 es falso, para medirlo\u00bb.<\/p>\n\n\n\n<p>Al respecto, Cabello record\u00f3 que Guaid\u00f3 \u00abnunca levant\u00f3 su cara, dijo que \u00e9l era un dem\u00f3crata y que no estaba empujado por Estados Unidos\u00bb.<\/p>\n\n\n\n<p>\u00abYa nosotros sab\u00edamos lo que iba a ocurrir. Tal como estaba en los planes se autojurament\u00f3 y, hasta el d\u00eda de hoy, sigue haciendo el rid\u00edculo ante Venezuela y el mundo\u00bb, agreg\u00f3.<\/p>\n\n\n\n<p>Por otro lado, el jefe de Estado se\u00f1al\u00f3 que aunque han pasado \u00abtres a\u00f1os de agresiones imperialistas, de da\u00f1o para el pueblo\u00bb, tambi\u00e9n se han fortalecido los valores patri\u00f3ticos de resistencia y lucha.<\/p>\n\n\n\n<p>\u00abSin conciencia es imposible andar el camino de la Revoluci\u00f3n verdadera. Lo que algunos no entienden en el mundo, es que en Venezuela se desat\u00f3 un Revoluci\u00f3n verdadera y que est\u00e1 victoriosa en lo que resta del siglo XXI\u00bb, afirm\u00f3.<\/p>\n\n\n\n<p><strong>Prensa Presidencial\/Karelis Gonz\u00e1lez<\/strong><\/p>\n","protected":false},"excerpt":{"rendered":"<p>Palacio de Miraflores, Caracas.- Desde la Casa Blanca de Estados Unidos provino la informaci\u00f3n \u00abde que se pretend\u00eda imponer un presidente t\u00edtere para ejecutar un plan de golpe de Estado, intervenci\u00f3n militar y control pol\u00edtico en Venezuela\u00bb, desvel\u00f3 el presidente de la Rep\u00fablica, Nicol\u00e1s Maduro, al cumplirse tres a\u00f1os de la instauraci\u00f3n de un supuesto [&hellip;]<\/p>\n","protected":false},"author":6,"featured_media":926,"comment_status":"open","ping_status":"open","sticky":false,"template":"","format":"standard","meta":{"footnotes":""},"categories":[7],"tags":[],"class_list":["post-925","post","type-post","status-publish","format-standard","has-post-thumbnail","hentry","category-notas-de-prensa"],"_links":{"self":[{"href":"https:\/\/prensapresidencialvenezuela.gob.ve\/index.php\/wp-json\/wp\/v2\/posts\/925","targetHints":{"allow":["GET"]}}],"collection":[{"href":"https:\/\/prensapresidencialvenezuela.gob.ve\/index.php\/wp-json\/wp\/v2\/posts"}],"about":[{"href":"https:\/\/prensapresidencialvenezuela.gob.ve\/index.php\/wp-json\/wp\/v2\/types\/post"}],"author":[{"embeddable":true,"href":"https:\/\/prensapresidencialvenezuela.gob.ve\/index.php\/wp-json\/wp\/v2\/users\/6"}],"replies":[{"embeddable":true,"href":"https:\/\/prensapresidencialvenezuela.gob.ve\/index.php\/wp-json\/wp\/v2\/comments?post=925"}],"version-history":[{"count":1,"href":"https:\/\/prensapresidencialvenezuela.gob.ve\/index.php\/wp-json\/wp\/v2\/posts\/925\/revisions"}],"predecessor-version":[{"id":927,"href":"https:\/\/prensapresidencialvenezuela.gob.ve\/index.php\/wp-json\/wp\/v2\/posts\/925\/revisions\/927"}],"wp:featuredmedia":[{"embeddable":true,"href":"https:\/\/prensapresidencialvenezuela.gob.ve\/index.php\/wp-json\/wp\/v2\/media\/926"}],"wp:attachment":[{"href":"https:\/\/prensapresidencialvenezuela.gob.ve\/index.php\/wp-json\/wp\/v2\/media?parent=925"}],"wp:term":[{"taxonomy":"category","embeddable":true,"href":"https:\/\/prensapresidencialvenezuela.gob.ve\/index.php\/wp-json\/wp\/v2\/categories?post=925"},{"taxonomy":"post_tag","embeddable":true,"href":"https:\/\/prensapresidencialvenezuela.gob.ve\/index.php\/wp-json\/wp\/v2\/tags?post=925"}],"curies":[{"name":"wp","href":"https:\/\/api.w.org\/{rel}","templated":true}]}}