{"id":9266,"date":"2024-02-26T18:01:54","date_gmt":"2024-02-26T22:01:54","guid":{"rendered":"http:\/\/172.27.0.121\/?p=9266"},"modified":"2024-04-15T18:03:29","modified_gmt":"2024-04-15T22:03:29","slug":"aprobados-recursos-para-concluir-obras-del-terminal-de-barcelona","status":"publish","type":"post","link":"https:\/\/prensapresidencialvenezuela.gob.ve\/index.php\/2024\/02\/26\/aprobados-recursos-para-concluir-obras-del-terminal-de-barcelona\/","title":{"rendered":"Aprobados recursos para concluir obras del Terminal de Barcelona"},"content":{"rendered":"\n<p><\/p>\n\n\n\n<p><strong>Barcelona, estado Anzo\u00e1tegui.- <\/strong>En una acci\u00f3n destinada a fortalecer la interconexi\u00f3n de transporte terrestre, el presidente de la Rep\u00fablica,&nbsp; Nicol\u00e1s Maduro, autoriz\u00f3 el desembolso de recursos financieros para culminar las obras del Terminal de Barcelona, ubicado en el estado Anzo\u00e1tegui.<\/p>\n\n\n\n<p>\u201cVi el plan, vi el proyecto. Le anuncio al pueblo de Barcelona, Sugey (Herrera), te apruebo los recursos para terminar ese Terminal de Barcelona\u201d, enfatiz\u00f3 al recalcar que la infraestructura permitir\u00e1 \u201cinterconectar a Anzo\u00e1tegui con el oriente, con el centro, el sur del pa\u00eds\u201d.<\/p>\n\n\n\n<p>Al respecto, la alcaldesa del municipio Sim\u00f3n Bol\u00edvar, Sugey Herrera, detall\u00f3 que \u2013moment\u00e1neamente- la obra del Terminal de Barcelona est\u00e1 paralizada, producto de la agresi\u00f3n econ\u00f3mica, financiera y comercial contra Venezuela. Sin embargo, ya est\u00e1 establecido un cronograma de trabajo para acelerar la culminaci\u00f3n de la infraestructura.<\/p>\n\n\n\n<p>Durante el segmento <em>Con Maduro en la v\u00eda<\/em>, del programa Con Maduro +, puntualiz\u00f3 que la construcci\u00f3n del Terminal de Barcelona no solo tributar\u00e1 al desarrollo tur\u00edstico de la regi\u00f3n oriental, sino que tambi\u00e9n fortalecer\u00e1 la interconexi\u00f3n del transporte terrestre de la zona metropolitana del municipio Sim\u00f3n Bol\u00edvar.<\/p>\n\n\n\n<p>\u201cDesde ese punto saldr\u00e1n rutas a Brasil v\u00eda terrestre\u201d, agreg\u00f3, al tiempo que subray\u00f3 que existe la voluntad para culminar en corto plazo las labores de ingenier\u00eda del Terminal de Barcelona.<\/p>\n\n\n\n<p>En el proyecto del Terminal de Barcelona est\u00e1 incluida la construcci\u00f3n de locales comerciales para reimpulsar \u201cla econom\u00eda propia de Barcelona\u201d.<\/p>\n\n\n\n<p>Por otro lado, el Jefe de Estado venezolano aprob\u00f3 recursos para avanzar en la rehabilitaci\u00f3n del Paseo de La Cruz y El Mar, situado en Puerto La Cruz.<\/p>\n\n\n\n<p><strong>Prensa Presidencial \/ Karelis Gonz\u00e1lez<\/strong><\/p>\n","protected":false},"excerpt":{"rendered":"<p>Barcelona, estado Anzo\u00e1tegui.- En una acci\u00f3n destinada a fortalecer la interconexi\u00f3n de transporte terrestre, el presidente de la Rep\u00fablica,&nbsp; Nicol\u00e1s Maduro, autoriz\u00f3 el desembolso de recursos financieros para culminar las obras del Terminal de Barcelona, ubicado en el estado Anzo\u00e1tegui. \u201cVi el plan, vi el proyecto. Le anuncio al pueblo de Barcelona, Sugey (Herrera), te [&hellip;]<\/p>\n","protected":false},"author":1,"featured_media":9272,"comment_status":"open","ping_status":"open","sticky":false,"template":"","format":"standard","meta":{"footnotes":""},"categories":[7],"tags":[],"class_list":["post-9266","post","type-post","status-publish","format-standard","has-post-thumbnail","hentry","category-notas-de-prensa"],"_links":{"self":[{"href":"https:\/\/prensapresidencialvenezuela.gob.ve\/index.php\/wp-json\/wp\/v2\/posts\/9266","targetHints":{"allow":["GET"]}}],"collection":[{"href":"https:\/\/prensapresidencialvenezuela.gob.ve\/index.php\/wp-json\/wp\/v2\/posts"}],"about":[{"href":"https:\/\/prensapresidencialvenezuela.gob.ve\/index.php\/wp-json\/wp\/v2\/types\/post"}],"author":[{"embeddable":true,"href":"https:\/\/prensapresidencialvenezuela.gob.ve\/index.php\/wp-json\/wp\/v2\/users\/1"}],"replies":[{"embeddable":true,"href":"https:\/\/prensapresidencialvenezuela.gob.ve\/index.php\/wp-json\/wp\/v2\/comments?post=9266"}],"version-history":[{"count":1,"href":"https:\/\/prensapresidencialvenezuela.gob.ve\/index.php\/wp-json\/wp\/v2\/posts\/9266\/revisions"}],"predecessor-version":[{"id":9273,"href":"https:\/\/prensapresidencialvenezuela.gob.ve\/index.php\/wp-json\/wp\/v2\/posts\/9266\/revisions\/9273"}],"wp:featuredmedia":[{"embeddable":true,"href":"https:\/\/prensapresidencialvenezuela.gob.ve\/index.php\/wp-json\/wp\/v2\/media\/9272"}],"wp:attachment":[{"href":"https:\/\/prensapresidencialvenezuela.gob.ve\/index.php\/wp-json\/wp\/v2\/media?parent=9266"}],"wp:term":[{"taxonomy":"category","embeddable":true,"href":"https:\/\/prensapresidencialvenezuela.gob.ve\/index.php\/wp-json\/wp\/v2\/categories?post=9266"},{"taxonomy":"post_tag","embeddable":true,"href":"https:\/\/prensapresidencialvenezuela.gob.ve\/index.php\/wp-json\/wp\/v2\/tags?post=9266"}],"curies":[{"name":"wp","href":"https:\/\/api.w.org\/{rel}","templated":true}]}}