{"id":9269,"date":"2024-03-20T18:02:00","date_gmt":"2024-03-20T22:02:00","guid":{"rendered":"http:\/\/172.27.0.121\/?p=9269"},"modified":"2024-04-15T18:03:52","modified_gmt":"2024-04-15T22:03:52","slug":"presidente-maduro-presenta-el-plan-de-la-patria-de-las-7t-rumbo-al-2030","status":"publish","type":"post","link":"https:\/\/prensapresidencialvenezuela.gob.ve\/index.php\/2024\/03\/20\/presidente-maduro-presenta-el-plan-de-la-patria-de-las-7t-rumbo-al-2030\/","title":{"rendered":"Presidente Maduro presenta el Plan de la Patria de las 7T rumbo al 2030"},"content":{"rendered":"\n<p><strong>Teatro Teresa Carre\u00f1o, Caracas.-<\/strong> Para construir el plan de trabajo que el Gobierno Bolivariano implementar\u00e1 en Venezuela, en el per\u00edodo 2024-2030, el presidente de la Rep\u00fablica, Nicol\u00e1s Maduro, present\u00f3 este mi\u00e9rcoles el Plan de la Patria de las 7 Transformaciones (7T).<\/p>\n\n\n\n<p>En el acto de proclamaci\u00f3n del l\u00edder revolucionario como candidato del Gran Polo Patri\u00f3tico \u201cSim\u00f3n Bol\u00edvar\u201d (GPPSB), para la elecci\u00f3n presidencial del pr\u00f3ximo 28 de julio, comparti\u00f3 el documento construido desde las bases del Poder Popular organizado en m\u00e1s de 63 mil asambleas realizadas en el territorio nacional.<\/p>\n\n\n\n<p>\u201cMe traje hoy el primer documento sistematizado de pu\u00f1o y letra que ha surgido de la consulta, el debate y acci\u00f3n de nuestro pueblo para construir su plan de futuro, el Plan de la Patria de las 7T, aqu\u00ed lo tengo ya\u201d, inform\u00f3 el Jefe de Estado.<\/p>\n\n\n\n<p>Explic\u00f3 que el compendio de propuestas tiene los elementos para construir el futuro de la Patria y restituir los derechos del pueblo.<\/p>\n\n\n\n<p>\u201cVamos a construir la Venezuela potencia, para construir la Venezuela de prosperidad econ\u00f3mica porque lo hemos demostrado a las sanciones y a los bloqueos, que nos hemos crecido y vamos a crecernos m\u00e1s todav\u00eda, para construir la Venezuela grande, la Venezuela de la uni\u00f3n de la soberan\u00eda y de la prosperidad\u201d, enfatiz\u00f3.<\/p>\n\n\n\n<p>Durante el acto de proclamaci\u00f3n con el GPPSB, el presidente Maduro, llam\u00f3 a todas las fuerzas de la izquierda venezolana, a progresistas, antiimperialistas y las fuerzas patri\u00f3ticas nacionalistas,&nbsp;&nbsp;a mantener la unidad para construir juntos el plan del futuro y enfrentar a la oligarqu\u00eda del continente.<\/p>\n\n\n\n<p>\u201cA los apellidos, a la oligarqu\u00eda, a los t\u00edteres, vende patria, les decimos: en Venezuela, no volver\u00e1n, no volver\u00e1n, y el Gran Polo Patri\u00f3tico Sim\u00f3n Bol\u00edvar, lo que va es para encima, con toda la fuerza unitaria de la izquierda, del nacionalismo, de los sectores revolucionarios\u201d, reafirm\u00f3.<\/p>\n\n\n\n<p>El Mandatario nacional reconoci\u00f3 en el Gran Polo Patri\u00f3tico \u201cSim\u00f3n Bol\u00edvar\u201d, las luchas de m\u00e1s de cien a\u00f1os, por la soberan\u00eda nacional, los derechos del pueblo y la democracia verdadera.<\/p>\n\n\n\n<p><strong>Prensa Presidencial \/ Rosiris Ortega Ortiz<\/strong><\/p>\n","protected":false},"excerpt":{"rendered":"<p>Teatro Teresa Carre\u00f1o, Caracas.- Para construir el plan de trabajo que el Gobierno Bolivariano implementar\u00e1 en Venezuela, en el per\u00edodo 2024-2030, el presidente de la Rep\u00fablica, Nicol\u00e1s Maduro, present\u00f3 este mi\u00e9rcoles el Plan de la Patria de las 7 Transformaciones (7T). En el acto de proclamaci\u00f3n del l\u00edder revolucionario como candidato del Gran Polo Patri\u00f3tico [&hellip;]<\/p>\n","protected":false},"author":4,"featured_media":9274,"comment_status":"open","ping_status":"open","sticky":false,"template":"","format":"standard","meta":{"footnotes":""},"categories":[18,7],"tags":[],"class_list":["post-9269","post","type-post","status-publish","format-standard","has-post-thumbnail","hentry","category-noticias-principales","category-notas-de-prensa"],"_links":{"self":[{"href":"https:\/\/prensapresidencialvenezuela.gob.ve\/index.php\/wp-json\/wp\/v2\/posts\/9269","targetHints":{"allow":["GET"]}}],"collection":[{"href":"https:\/\/prensapresidencialvenezuela.gob.ve\/index.php\/wp-json\/wp\/v2\/posts"}],"about":[{"href":"https:\/\/prensapresidencialvenezuela.gob.ve\/index.php\/wp-json\/wp\/v2\/types\/post"}],"author":[{"embeddable":true,"href":"https:\/\/prensapresidencialvenezuela.gob.ve\/index.php\/wp-json\/wp\/v2\/users\/4"}],"replies":[{"embeddable":true,"href":"https:\/\/prensapresidencialvenezuela.gob.ve\/index.php\/wp-json\/wp\/v2\/comments?post=9269"}],"version-history":[{"count":1,"href":"https:\/\/prensapresidencialvenezuela.gob.ve\/index.php\/wp-json\/wp\/v2\/posts\/9269\/revisions"}],"predecessor-version":[{"id":9276,"href":"https:\/\/prensapresidencialvenezuela.gob.ve\/index.php\/wp-json\/wp\/v2\/posts\/9269\/revisions\/9276"}],"wp:featuredmedia":[{"embeddable":true,"href":"https:\/\/prensapresidencialvenezuela.gob.ve\/index.php\/wp-json\/wp\/v2\/media\/9274"}],"wp:attachment":[{"href":"https:\/\/prensapresidencialvenezuela.gob.ve\/index.php\/wp-json\/wp\/v2\/media?parent=9269"}],"wp:term":[{"taxonomy":"category","embeddable":true,"href":"https:\/\/prensapresidencialvenezuela.gob.ve\/index.php\/wp-json\/wp\/v2\/categories?post=9269"},{"taxonomy":"post_tag","embeddable":true,"href":"https:\/\/prensapresidencialvenezuela.gob.ve\/index.php\/wp-json\/wp\/v2\/tags?post=9269"}],"curies":[{"name":"wp","href":"https:\/\/api.w.org\/{rel}","templated":true}]}}