{"id":9277,"date":"2024-03-20T18:03:00","date_gmt":"2024-03-20T22:03:00","guid":{"rendered":"http:\/\/172.27.0.121\/?p=9277"},"modified":"2024-04-15T18:06:06","modified_gmt":"2024-04-15T22:06:06","slug":"maduro-acepta-postulacion-como-candidato-unico-del-gppsb","status":"publish","type":"post","link":"https:\/\/prensapresidencialvenezuela.gob.ve\/index.php\/2024\/03\/20\/maduro-acepta-postulacion-como-candidato-unico-del-gppsb\/","title":{"rendered":"Maduro acepta postulaci\u00f3n como candidato \u00fanico del GPPSB"},"content":{"rendered":"\n<p><strong>Teatro Teresa Carre\u00f1o, Caracas.- <\/strong>Este mi\u00e9rcoles, el presidente de la Rep\u00fablica, Nicol\u00e1s Maduro, acept\u00f3 la postulaci\u00f3n como candidato \u00fanico del Gran Polo Patri\u00f3tico Sim\u00f3n Bol\u00edvar (GPPSB) para las venideras elecciones presidenciales del domingo 28 de julio.<\/p>\n\n\n\n<p>Desde el Teatro Teresa Carre\u00f1o, ubicado en Caracas, ante los representantes de los partidos que conforman el GPPSB, el Mandatario expres\u00f3 su gratitud ante la postulaci\u00f3n, al tiempo que destac\u00f3 los a\u00f1os de lucha en la uni\u00f3n perfecta de la diversidad.<\/p>\n\n\n\n<p>\u201cQue emoci\u00f3n, cuantas razones tenemos para ver consolidado en estos a\u00f1os de lucha la uni\u00f3n perfecta en la diversidad, la unidad de la diversidad de los movimientos de izquierda progresistas, nacionalistas, democr\u00e1ticos, populares y revolucionarios de Venezuela\u201d, apunt\u00f3 durante el encuentro de los partidos pol\u00edticos.<\/p>\n\n\n\n<p>En este sentido, exalt\u00f3 la uni\u00f3n del GPPSB, lo que ha permitido avanzar en la consolidaci\u00f3n de importantes acciones en beneficio del pueblo venezolano.<\/p>\n\n\n\n<p>\u201cEl Gran Polo Patri\u00f3tico Sim\u00f3n Bol\u00edvar hoy est\u00e1 m\u00e1s consolidado y unido que nunca antes, y esa uni\u00f3n que tenemos es espiritual, es program\u00e1tica, esta uni\u00f3n la hemos construido en la acci\u00f3n (\u2026) Todo este sentimiento de amistad, de fraternidad todo este sentimiento de amor que brota de cada uno de nosotros es aut\u00e9ntico\u201d.<\/p>\n\n\n\n<p>De igual manera, el Dignatario, manifest\u00f3 su admiraci\u00f3n por los distintos partidos que conforman el GPPSB, ante cada esfuerzo y meta propuesta.<\/p>\n\n\n\n<p>\u201cYo los admiro a ustedes, de verdad a cada uno de ustedes, el esfuerzo que hacen en su barrio, en su centro de trabajo, en su centro de estudio, el esfuerzo que ustedes hacen para organizarse cada vez mejor para ser cada vez m\u00e1s \u00fatiles a nuestro pueblo y a nuestro pa\u00eds, admiro la perseverancia y la lucha, la disciplina de cada uno de ustedes y la fuerza que ustedes expresan\u201d, concluy\u00f3.<\/p>\n\n\n\n<p><strong>Prensa Presidencial \/ Joelin Jim\u00e9nez<\/strong><\/p>\n","protected":false},"excerpt":{"rendered":"<p>Teatro Teresa Carre\u00f1o, Caracas.- Este mi\u00e9rcoles, el presidente de la Rep\u00fablica, Nicol\u00e1s Maduro, acept\u00f3 la postulaci\u00f3n como candidato \u00fanico del Gran Polo Patri\u00f3tico Sim\u00f3n Bol\u00edvar (GPPSB) para las venideras elecciones presidenciales del domingo 28 de julio. Desde el Teatro Teresa Carre\u00f1o, ubicado en Caracas, ante los representantes de los partidos que conforman el GPPSB, el [&hellip;]<\/p>\n","protected":false},"author":4,"featured_media":9283,"comment_status":"open","ping_status":"open","sticky":false,"template":"","format":"standard","meta":{"footnotes":""},"categories":[18,7],"tags":[],"class_list":["post-9277","post","type-post","status-publish","format-standard","has-post-thumbnail","hentry","category-noticias-principales","category-notas-de-prensa"],"_links":{"self":[{"href":"https:\/\/prensapresidencialvenezuela.gob.ve\/index.php\/wp-json\/wp\/v2\/posts\/9277","targetHints":{"allow":["GET"]}}],"collection":[{"href":"https:\/\/prensapresidencialvenezuela.gob.ve\/index.php\/wp-json\/wp\/v2\/posts"}],"about":[{"href":"https:\/\/prensapresidencialvenezuela.gob.ve\/index.php\/wp-json\/wp\/v2\/types\/post"}],"author":[{"embeddable":true,"href":"https:\/\/prensapresidencialvenezuela.gob.ve\/index.php\/wp-json\/wp\/v2\/users\/4"}],"replies":[{"embeddable":true,"href":"https:\/\/prensapresidencialvenezuela.gob.ve\/index.php\/wp-json\/wp\/v2\/comments?post=9277"}],"version-history":[{"count":1,"href":"https:\/\/prensapresidencialvenezuela.gob.ve\/index.php\/wp-json\/wp\/v2\/posts\/9277\/revisions"}],"predecessor-version":[{"id":9285,"href":"https:\/\/prensapresidencialvenezuela.gob.ve\/index.php\/wp-json\/wp\/v2\/posts\/9277\/revisions\/9285"}],"wp:featuredmedia":[{"embeddable":true,"href":"https:\/\/prensapresidencialvenezuela.gob.ve\/index.php\/wp-json\/wp\/v2\/media\/9283"}],"wp:attachment":[{"href":"https:\/\/prensapresidencialvenezuela.gob.ve\/index.php\/wp-json\/wp\/v2\/media?parent=9277"}],"wp:term":[{"taxonomy":"category","embeddable":true,"href":"https:\/\/prensapresidencialvenezuela.gob.ve\/index.php\/wp-json\/wp\/v2\/categories?post=9277"},{"taxonomy":"post_tag","embeddable":true,"href":"https:\/\/prensapresidencialvenezuela.gob.ve\/index.php\/wp-json\/wp\/v2\/tags?post=9277"}],"curies":[{"name":"wp","href":"https:\/\/api.w.org\/{rel}","templated":true}]}}