{"id":928,"date":"2022-01-23T21:17:00","date_gmt":"2022-01-23T21:17:00","guid":{"rendered":"http:\/\/172.27.0.121\/?p=928"},"modified":"2022-05-28T21:19:40","modified_gmt":"2022-05-28T21:19:40","slug":"presidente-maduro-en-venezuela-habra-justicia","status":"publish","type":"post","link":"https:\/\/prensapresidencialvenezuela.gob.ve\/index.php\/2022\/01\/23\/presidente-maduro-en-venezuela-habra-justicia\/","title":{"rendered":"Presidente Maduro: En Venezuela habr\u00e1 justicia"},"content":{"rendered":"\n<p><strong>Palacio de Miraflores, Caracas.- <\/strong>\u00abTenga la seguridad de que aqu\u00ed habr\u00e1 justicia\u00bb, asever\u00f3 el presidente de la Rep\u00fablica, Nicol\u00e1s Maduro, ante el pueblo que se moviliz\u00f3 en ocasi\u00f3n del 64\u00b0 aniversario de la rebeli\u00f3n popular del 23 de enero.<\/p>\n\n\n\n<p>Desde el Palacio de Miraflores, ubicado en Caracas, se\u00f1al\u00f3 que \u00abla justicia constitucional tarda, pero de que llega, llegar\u00e1\u00bb al recordar la maniobra golpista de 2019 que pretend\u00eda \u00abimponerle un t\u00edtere a Venezuela\u00bb.<\/p>\n\n\n\n<p>Explic\u00f3 que, a pesar de que los \u00faltimos tres a\u00f1os se tradujeron en \u00abagresiones imperialistas, da\u00f1o al pueblo\u00bb, tambi\u00e9n significan \u00aba\u00f1os de resistencia, a\u00f1os hermosos de unidad, lucha, batalla y victoria\u00bb.<\/p>\n\n\n\n<p>En atenci\u00f3n al clamor de justicia ante la expoliaci\u00f3n de recursos venezolanos en el extranjero, diputados y diputadas del Bloque de la Patria de la Asamblea Nacional (AN) solicitaron este domingo al Ministerio P\u00fablico celeridad en la imposici\u00f3n de justicia contra el golpista Juan Guaid\u00f3 y exintegrantes del extinto Parlamento Nacional (2016-2021).<\/p>\n\n\n\n<p>En el petitorio solicitan \u00abponer fin a la impunidad y garantizar la existencia de una justicia expedita concedida sin dilaciones indebidas, sin formalismo o reposiciones in\u00fatiles, la tutela efectiva de los derechos e inter\u00e9s del pueblo y la celeridad procesal\u00bb, recoge el Diario Vea.<\/p>\n\n\n\n<p>Igualmente, los parlamentarios exigen \u00abejercer las acciones que con inmediatez, prontitud y urgencia hagan del proceso penal seguido al ciudadano Juan Guaid\u00f3 y sus c\u00f3mplices, un instrumento inmediato y efectivo que permita establecer la verdad de los hechos por la v\u00eda judicial y la justicia en la aplicaci\u00f3n del derecho para las m\u00e1s de 24 causas delictivas que mantienen abiertas\u00bb.<\/p>\n\n\n\n<p>A trav\u00e9s del documento entregado al fiscal general de la Rep\u00fablica, Tarek William Saab, solicitan \u00abla reparaci\u00f3n patrimonial de los da\u00f1os econ\u00f3micos y materiales causas a la naci\u00f3n y a los particulares por el ciudadano Juan Guaid\u00f3\u00bb.<\/p>\n\n\n\n<p>El pasado 4 de enero, el jefe de Estado solicit\u00f3 a la AN la activaci\u00f3n de los mecanismos correspondientes para \u00abexigir -desde la Constituci\u00f3n- que el Poder Judicial tome cartas en el asunto y haga justicia por Venezuela\u00bb.<\/p>\n\n\n\n<p>\u00abLe pido al Bloque de la Patria que destape la olla podrida del madrugonazo que se dieron los opositores reparti\u00e9ndose el bot\u00edn que le han robado a las cuentas bancarias del pa\u00eds\u00bb, puntualiz\u00f3 durante un encuentro con diputados del Gran Polo Patri\u00f3tico Sim\u00f3n Bol\u00edvar (GPPSB).<\/p>\n\n\n\n<p>El monto de activos sustra\u00eddos al Estado supera los 3 mil 100 millones de d\u00f3lares, de acuerdo a datos ofrecidos por el presidente del Parlamento Nacional, Jorge Rodr\u00edguez.<\/p>\n\n\n\n<p><strong>Prensa Presidencial\/Karelis Gonz\u00e1lez<\/strong><\/p>\n","protected":false},"excerpt":{"rendered":"<p>Palacio de Miraflores, Caracas.- \u00abTenga la seguridad de que aqu\u00ed habr\u00e1 justicia\u00bb, asever\u00f3 el presidente de la Rep\u00fablica, Nicol\u00e1s Maduro, ante el pueblo que se moviliz\u00f3 en ocasi\u00f3n del 64\u00b0 aniversario de la rebeli\u00f3n popular del 23 de enero. Desde el Palacio de Miraflores, ubicado en Caracas, se\u00f1al\u00f3 que \u00abla justicia constitucional tarda, pero de [&hellip;]<\/p>\n","protected":false},"author":6,"featured_media":929,"comment_status":"open","ping_status":"open","sticky":false,"template":"","format":"standard","meta":{"footnotes":""},"categories":[7],"tags":[],"class_list":["post-928","post","type-post","status-publish","format-standard","has-post-thumbnail","hentry","category-notas-de-prensa"],"_links":{"self":[{"href":"https:\/\/prensapresidencialvenezuela.gob.ve\/index.php\/wp-json\/wp\/v2\/posts\/928","targetHints":{"allow":["GET"]}}],"collection":[{"href":"https:\/\/prensapresidencialvenezuela.gob.ve\/index.php\/wp-json\/wp\/v2\/posts"}],"about":[{"href":"https:\/\/prensapresidencialvenezuela.gob.ve\/index.php\/wp-json\/wp\/v2\/types\/post"}],"author":[{"embeddable":true,"href":"https:\/\/prensapresidencialvenezuela.gob.ve\/index.php\/wp-json\/wp\/v2\/users\/6"}],"replies":[{"embeddable":true,"href":"https:\/\/prensapresidencialvenezuela.gob.ve\/index.php\/wp-json\/wp\/v2\/comments?post=928"}],"version-history":[{"count":1,"href":"https:\/\/prensapresidencialvenezuela.gob.ve\/index.php\/wp-json\/wp\/v2\/posts\/928\/revisions"}],"predecessor-version":[{"id":930,"href":"https:\/\/prensapresidencialvenezuela.gob.ve\/index.php\/wp-json\/wp\/v2\/posts\/928\/revisions\/930"}],"wp:featuredmedia":[{"embeddable":true,"href":"https:\/\/prensapresidencialvenezuela.gob.ve\/index.php\/wp-json\/wp\/v2\/media\/929"}],"wp:attachment":[{"href":"https:\/\/prensapresidencialvenezuela.gob.ve\/index.php\/wp-json\/wp\/v2\/media?parent=928"}],"wp:term":[{"taxonomy":"category","embeddable":true,"href":"https:\/\/prensapresidencialvenezuela.gob.ve\/index.php\/wp-json\/wp\/v2\/categories?post=928"},{"taxonomy":"post_tag","embeddable":true,"href":"https:\/\/prensapresidencialvenezuela.gob.ve\/index.php\/wp-json\/wp\/v2\/tags?post=928"}],"curies":[{"name":"wp","href":"https:\/\/api.w.org\/{rel}","templated":true}]}}