{"id":9292,"date":"2024-02-26T18:09:03","date_gmt":"2024-02-26T22:09:03","guid":{"rendered":"http:\/\/172.27.0.121\/?p=9292"},"modified":"2024-04-15T18:10:11","modified_gmt":"2024-04-15T22:10:11","slug":"venezuela-se-solidariza-con-mexico-ante-campana-mediatica-promovida-por-estados-unidos","status":"publish","type":"post","link":"https:\/\/prensapresidencialvenezuela.gob.ve\/index.php\/2024\/02\/26\/venezuela-se-solidariza-con-mexico-ante-campana-mediatica-promovida-por-estados-unidos\/","title":{"rendered":"Venezuela se solidariza con M\u00e9xico ante campa\u00f1a medi\u00e1tica promovida por Estados Unidos"},"content":{"rendered":"\n<p><\/p>\n\n\n\n<p><strong>PDVSA Guaraguao, estado Anzo\u00e1tegui.- <\/strong>Ante la campa\u00f1a \u201cbrutal y negativa\u201d que promueve Estados Unidos en contra de los gobiernos progresistas de Am\u00e9rica Latina, el presidente de la Rep\u00fablica, Nicol\u00e1s Maduro, asegur\u00f3 que los medios del sistema estadounidense promueven la censura a trav\u00e9s de redes sociales.<\/p>\n\n\n\n<p>Desde la sede de Petr\u00f3leos de Venezuela, SA (PDVSA) Guaraguao, ubicado en Puerto La Cruz, en el estado Anzo\u00e1tegui, el Mandatario nacional denunci\u00f3 que Estados Unidos censura e impulsa campa\u00f1as por medios de comunicaci\u00f3n y redes sociales que buscan atacar al gobierno mexicano, liderado por su par Andr\u00e9s Manuel L\u00f3pez Obrador.<\/p>\n\n\n\n<p>\u201cHan hecho una campa\u00f1a brutal contra un hombre honesto, honorable y valiente que se ha puesto al frente del gran M\u00e9xico y lo ha puesto al frente de nuestra Am\u00e9rica y lo que ha hecho el presidente L\u00f3pez Obrador es defenderse, defender a M\u00e9xico decir la verdad entonces por decir la verdad, por defender a M\u00e9xico, ahora lo censuran en las redes sociales\u201d, cuestion\u00f3 el Jefe de Estado durante la edici\u00f3n N\u00b0 35 del programa <em>\u201cCon Maduro+\u201d.<\/em><\/p>\n\n\n\n<p>En este sentido, precis\u00f3 que esta arremetida en redes sociales \u201cdemuestra el sistema mundo que ellos han construido y ellos censuran, ponen, quitan campa\u00f1a y quieren que la gente no se defienda\u201d, apunt\u00f3.<\/p>\n\n\n\n<p>En contexto, el pasado domingo el presidente L\u00f3pez Obrador, cuestion\u00f3 al sitio web YouTube luego de que la plataforma censurara un video de su conferencia de prensa, actitud que calific\u00f3 de \u201cprepotente y autoritaria\u201d a trav\u00e9s de su cuenta de la red social X.<\/p>\n\n\n\n<p>Al respecto, asever\u00f3 que la plataforma \u201cbaj\u00f3 el video de su conferencia de prensa del jueves 22 de febrero y luego la volvi\u00f3 a publicar con edici\u00f3n, pues seg\u00fan ellos, infringe las normas de la comunidad\u2019, asever\u00f3.<\/p>\n\n\n\n<p><strong>Prensa Presidencial \/ Joelin Jim\u00e9nez<\/strong><\/p>\n","protected":false},"excerpt":{"rendered":"<p>PDVSA Guaraguao, estado Anzo\u00e1tegui.- Ante la campa\u00f1a \u201cbrutal y negativa\u201d que promueve Estados Unidos en contra de los gobiernos progresistas de Am\u00e9rica Latina, el presidente de la Rep\u00fablica, Nicol\u00e1s Maduro, asegur\u00f3 que los medios del sistema estadounidense promueven la censura a trav\u00e9s de redes sociales. Desde la sede de Petr\u00f3leos de Venezuela, SA (PDVSA) Guaraguao, [&hellip;]<\/p>\n","protected":false},"author":1,"featured_media":9293,"comment_status":"open","ping_status":"open","sticky":false,"template":"","format":"standard","meta":{"footnotes":""},"categories":[7],"tags":[],"class_list":["post-9292","post","type-post","status-publish","format-standard","has-post-thumbnail","hentry","category-notas-de-prensa"],"_links":{"self":[{"href":"https:\/\/prensapresidencialvenezuela.gob.ve\/index.php\/wp-json\/wp\/v2\/posts\/9292","targetHints":{"allow":["GET"]}}],"collection":[{"href":"https:\/\/prensapresidencialvenezuela.gob.ve\/index.php\/wp-json\/wp\/v2\/posts"}],"about":[{"href":"https:\/\/prensapresidencialvenezuela.gob.ve\/index.php\/wp-json\/wp\/v2\/types\/post"}],"author":[{"embeddable":true,"href":"https:\/\/prensapresidencialvenezuela.gob.ve\/index.php\/wp-json\/wp\/v2\/users\/1"}],"replies":[{"embeddable":true,"href":"https:\/\/prensapresidencialvenezuela.gob.ve\/index.php\/wp-json\/wp\/v2\/comments?post=9292"}],"version-history":[{"count":1,"href":"https:\/\/prensapresidencialvenezuela.gob.ve\/index.php\/wp-json\/wp\/v2\/posts\/9292\/revisions"}],"predecessor-version":[{"id":9294,"href":"https:\/\/prensapresidencialvenezuela.gob.ve\/index.php\/wp-json\/wp\/v2\/posts\/9292\/revisions\/9294"}],"wp:featuredmedia":[{"embeddable":true,"href":"https:\/\/prensapresidencialvenezuela.gob.ve\/index.php\/wp-json\/wp\/v2\/media\/9293"}],"wp:attachment":[{"href":"https:\/\/prensapresidencialvenezuela.gob.ve\/index.php\/wp-json\/wp\/v2\/media?parent=9292"}],"wp:term":[{"taxonomy":"category","embeddable":true,"href":"https:\/\/prensapresidencialvenezuela.gob.ve\/index.php\/wp-json\/wp\/v2\/categories?post=9292"},{"taxonomy":"post_tag","embeddable":true,"href":"https:\/\/prensapresidencialvenezuela.gob.ve\/index.php\/wp-json\/wp\/v2\/tags?post=9292"}],"curies":[{"name":"wp","href":"https:\/\/api.w.org\/{rel}","templated":true}]}}