{"id":9295,"date":"2024-02-26T18:13:02","date_gmt":"2024-02-26T22:13:02","guid":{"rendered":"http:\/\/172.27.0.121\/?p=9295"},"modified":"2024-04-15T18:13:55","modified_gmt":"2024-04-15T22:13:55","slug":"presidente-denuncia-pretensiones-de-colonizar-gaza-sobre-la-base-del-exterminio","status":"publish","type":"post","link":"https:\/\/prensapresidencialvenezuela.gob.ve\/index.php\/2024\/02\/26\/presidente-denuncia-pretensiones-de-colonizar-gaza-sobre-la-base-del-exterminio\/","title":{"rendered":"Presidente denuncia pretensiones de colonizar Gaza sobre la base del exterminio"},"content":{"rendered":"\n<p><\/p>\n\n\n\n<p><strong>Puerto La Cruz, estado Anzo\u00e1tegui.- <\/strong>Al sentenciar que el genocidio israel\u00ed sobre el pueblo palestino \u201ces inaceptable\u201d, el presidente de la Rep\u00fablica, Nicol\u00e1s Maduro, denunci\u00f3 que se pretende colonizar la Franja de Gaza \u201csobre la base de un exterminio del pueblo \u00e1rabe-palestino, sobre la base del bombardeo, del asesinato, del crimen\u201d.<\/p>\n\n\n\n<p>\u201cEst\u00e1n obligando al pueblo palestino a una migraci\u00f3n forzosa, producto del hambre, porque no les permiten entrar ning\u00fan producto y quieren forzar toda la Franja de Gaza, destruirla para una colonizaci\u00f3n forzada, violenta. Es un genocidio\u201d, asever\u00f3 durante el programa <em>Con Maduro+<\/em>, transmitido a trav\u00e9s de Venezolana de Televisi\u00f3n (VTV).<\/p>\n\n\n\n<p>El Jefe de Estado abog\u00f3 por una actuaci\u00f3n verdadera de la Corte Internacional de Justicia (CIJ) para detener el genocidio del pueblo palestino en la Franja de Gaza.<\/p>\n\n\n\n<p>\u201cTodos los gobiernos del mundo, todos los pueblos del mundo espera que se act\u00faen y detenga el genocidio, la migraci\u00f3n forzada, la colonizaci\u00f3n y el saqueo del pueblo palestino en la Franja de Gaza\u201d, puntualiz\u00f3.<\/p>\n\n\n\n<p>Por otro lado, al referir la inmolaci\u00f3n de un soldado estadounidense en protesta por el asedio israel\u00ed contra Gaza, el mandatario venezolano extendi\u00f3 su llamado a la conciencia para frenar el genocidio.<\/p>\n\n\n\n<p>\u201cLlamamos a la conciencia del mundo entero para que detengamos este genocidio. No puede ser que tengamos que llegar a que se inmole alguien, un soldado, un joven para denunciar algo tan horroroso como el genocidio\u201d, afirm\u00f3.<\/p>\n\n\n\n<p>Desde el 7 de octubre, la cantidad de fallecidos por ataques israel\u00edes ascienden a 29.692, mientras que los heridos alcanzan 69.879, de acuerdo con una actualizaci\u00f3n de las autoridades sanitarias locales en Gaza, citado por la multiestatal <em>Telesur<\/em>.<\/p>\n\n\n\n<p>En las \u00faltimas 24 horas, se contabilizan 86 muertos y 131 heridos, producto de siete masacres cometidas por las fuerzas de ocupaci\u00f3n israel\u00edes contra familias en la Franja de Gaza.<\/p>\n\n\n\n<p><strong>Prensa Presidencial \/ Karelis Gonz\u00e1lez<\/strong><\/p>\n","protected":false},"excerpt":{"rendered":"<p>Puerto La Cruz, estado Anzo\u00e1tegui.- Al sentenciar que el genocidio israel\u00ed sobre el pueblo palestino \u201ces inaceptable\u201d, el presidente de la Rep\u00fablica, Nicol\u00e1s Maduro, denunci\u00f3 que se pretende colonizar la Franja de Gaza \u201csobre la base de un exterminio del pueblo \u00e1rabe-palestino, sobre la base del bombardeo, del asesinato, del crimen\u201d. \u201cEst\u00e1n obligando al pueblo [&hellip;]<\/p>\n","protected":false},"author":1,"featured_media":9296,"comment_status":"open","ping_status":"open","sticky":false,"template":"","format":"standard","meta":{"footnotes":""},"categories":[7],"tags":[],"class_list":["post-9295","post","type-post","status-publish","format-standard","has-post-thumbnail","hentry","category-notas-de-prensa"],"_links":{"self":[{"href":"https:\/\/prensapresidencialvenezuela.gob.ve\/index.php\/wp-json\/wp\/v2\/posts\/9295","targetHints":{"allow":["GET"]}}],"collection":[{"href":"https:\/\/prensapresidencialvenezuela.gob.ve\/index.php\/wp-json\/wp\/v2\/posts"}],"about":[{"href":"https:\/\/prensapresidencialvenezuela.gob.ve\/index.php\/wp-json\/wp\/v2\/types\/post"}],"author":[{"embeddable":true,"href":"https:\/\/prensapresidencialvenezuela.gob.ve\/index.php\/wp-json\/wp\/v2\/users\/1"}],"replies":[{"embeddable":true,"href":"https:\/\/prensapresidencialvenezuela.gob.ve\/index.php\/wp-json\/wp\/v2\/comments?post=9295"}],"version-history":[{"count":1,"href":"https:\/\/prensapresidencialvenezuela.gob.ve\/index.php\/wp-json\/wp\/v2\/posts\/9295\/revisions"}],"predecessor-version":[{"id":9297,"href":"https:\/\/prensapresidencialvenezuela.gob.ve\/index.php\/wp-json\/wp\/v2\/posts\/9295\/revisions\/9297"}],"wp:featuredmedia":[{"embeddable":true,"href":"https:\/\/prensapresidencialvenezuela.gob.ve\/index.php\/wp-json\/wp\/v2\/media\/9296"}],"wp:attachment":[{"href":"https:\/\/prensapresidencialvenezuela.gob.ve\/index.php\/wp-json\/wp\/v2\/media?parent=9295"}],"wp:term":[{"taxonomy":"category","embeddable":true,"href":"https:\/\/prensapresidencialvenezuela.gob.ve\/index.php\/wp-json\/wp\/v2\/categories?post=9295"},{"taxonomy":"post_tag","embeddable":true,"href":"https:\/\/prensapresidencialvenezuela.gob.ve\/index.php\/wp-json\/wp\/v2\/tags?post=9295"}],"curies":[{"name":"wp","href":"https:\/\/api.w.org\/{rel}","templated":true}]}}