{"id":93,"date":"2022-03-22T20:40:18","date_gmt":"2022-03-22T20:40:18","guid":{"rendered":"http:\/\/10.0.0.92\/?p=93"},"modified":"2022-05-11T16:58:56","modified_gmt":"2022-05-11T16:58:56","slug":"cuba-defiende-en-ginebra-un-mundo-de-justicia-y-paz","status":"publish","type":"post","link":"https:\/\/prensapresidencialvenezuela.gob.ve\/index.php\/2022\/03\/22\/cuba-defiende-en-ginebra-un-mundo-de-justicia-y-paz\/","title":{"rendered":"Cuba defiende en Ginebra un mundo de justicia y paz"},"content":{"rendered":"<p>Cuba defendi\u00f3 este martes en Ginebra, ciudad suiza, la b\u00fasqueda de un mundo de justicia, dignidad y paz, el que consider\u00f3 posible si se cambia el injusto, antidemocr\u00e1tico orden global imperante y prevalece la cooperaci\u00f3n internacional.<\/p>\n<p>De acuerdo a Prensa Latina, el viceministro primero de Relaciones Exteriores de la isla,\u00a0<strong>Gerardo Pe\u00f1alver<\/strong>, inst\u00f3 al respeto estricto a los prop\u00f3sitos y principios de la Carta de las Naciones Unidas y del Derecho Internacional, al intervenir en la instalaci\u00f3n de la presidencia de Cuba de la Conferencia de Desarme.<\/p>\n<p>\u201cEn nuestra condici\u00f3n de pa\u00eds en desarrollo, peque\u00f1o, insular, que ha resistido frente a todo tipo de asedios, amenazas, incluida la agresi\u00f3n militar, la guerra no convencional y un brutal bloqueo econ\u00f3mico, comercial y financiero durante m\u00e1s de seis d\u00e9cadas, suscribimos y respaldamos con todo vigor los principios y normas del Derecho Internacional y defendemos la paz en todas las circunstancias\u201d, enfatiz\u00f3.<\/p>\n<p>Al mismo tiempo, Pe\u00f1alver ratific\u00f3 adem\u00e1s la oposici\u00f3n sin ambages de la naci\u00f3n antillana a la amenaza de uso de la fuerza contra cualquier Estado.<\/p>\n<p>Referente a la actual crisis en Europa, el alto funcionario afirm\u00f3 que su pa\u00eds continuar\u00e1 abogando por una soluci\u00f3n diplom\u00e1tica seria, constructiva y realista, por medios pac\u00edficos, que garantice la seguridad y soberan\u00eda de todos, as\u00ed como la paz, la estabilidad, la seguridad regional e internacional.<\/p>\n<p>\u201cEl empe\u00f1o de Estados Unidos en continuar la progresiva expansi\u00f3n de la OTAN hacia las fronteras de Rusia, ha conducido a un escenario con implicaciones de alcance impredecible, que pudo evitarse si se hubieran atendido con seriedad y respeto los fundados reclamos de garant\u00edas de seguridad de ese pa\u00eds\u201d, sostuvo.<\/p>\n<h3><strong>Cuba aboga por eliminaci\u00f3n de armas nucleares<\/strong><\/h3>\n<p>Vale resaltar que la naci\u00f3n caribe\u00f1a asumir\u00e1 la presidencia de Conferencia de Desarme de Naciones Unidas.<\/p>\n<p>El viceministro subray\u00f3 que la humanidad vive una coyuntura desafiante y compleja, marcada por el impacto demoledor de la COVID-19, la cual ha profundizado las desigualdades estructurales y catalizado una crisis global multidimensional.<\/p>\n<p>\u201cCuba alert\u00f3 en Ginebra que crecen las amenazas a la paz y la seguridad internacionales, aumentan los conflictos y se imponen injustas e ilegales sanciones y medidas coercitivas unilaterales contra pa\u00edses en desarrollo\u201d, asever\u00f3.<\/p>\n<p>Asimismo, denunci\u00f3 que se compromete la supervivencia de la especie humana con irracionales patrones de producci\u00f3n, consumo, y aumento de manera exponencial una carrera armamentista, en la que se dilapidan los recursos que deber\u00edan destinarse al desarrollo sostenible, adem\u00e1s de alcanzar la deseada inmunizaci\u00f3n global contra la pandemia.<\/p>\n<p>\u201cEl multilateralismo enfrenta enormes retos. En ese contexto, el papel de las Naciones Unidas, la cooperaci\u00f3n internacional y la soluci\u00f3n pac\u00edfica de controversias, resultan cada vez m\u00e1s relevantes\u201d, sentenci\u00f3 Pe\u00f1alver. WIL\/JMP<\/p>\n","protected":false},"excerpt":{"rendered":"<p>Cuba defendi\u00f3 este martes en Ginebra, ciudad suiza, la b\u00fasqueda de un mundo de justicia, dignidad y paz, el que consider\u00f3 posible si se cambia el injusto, antidemocr\u00e1tico orden global imperante y prevalece la cooperaci\u00f3n internacional. De acuerdo a Prensa Latina, el viceministro primero de Relaciones Exteriores de la isla,\u00a0Gerardo Pe\u00f1alver, inst\u00f3 al respeto estricto [&hellip;]<\/p>\n","protected":false},"author":1,"featured_media":0,"comment_status":"closed","ping_status":"open","sticky":false,"template":"","format":"standard","meta":{"footnotes":""},"categories":[7],"tags":[],"class_list":["post-93","post","type-post","status-publish","format-standard","hentry","category-notas-de-prensa"],"_links":{"self":[{"href":"https:\/\/prensapresidencialvenezuela.gob.ve\/index.php\/wp-json\/wp\/v2\/posts\/93","targetHints":{"allow":["GET"]}}],"collection":[{"href":"https:\/\/prensapresidencialvenezuela.gob.ve\/index.php\/wp-json\/wp\/v2\/posts"}],"about":[{"href":"https:\/\/prensapresidencialvenezuela.gob.ve\/index.php\/wp-json\/wp\/v2\/types\/post"}],"author":[{"embeddable":true,"href":"https:\/\/prensapresidencialvenezuela.gob.ve\/index.php\/wp-json\/wp\/v2\/users\/1"}],"replies":[{"embeddable":true,"href":"https:\/\/prensapresidencialvenezuela.gob.ve\/index.php\/wp-json\/wp\/v2\/comments?post=93"}],"version-history":[{"count":1,"href":"https:\/\/prensapresidencialvenezuela.gob.ve\/index.php\/wp-json\/wp\/v2\/posts\/93\/revisions"}],"predecessor-version":[{"id":95,"href":"https:\/\/prensapresidencialvenezuela.gob.ve\/index.php\/wp-json\/wp\/v2\/posts\/93\/revisions\/95"}],"wp:attachment":[{"href":"https:\/\/prensapresidencialvenezuela.gob.ve\/index.php\/wp-json\/wp\/v2\/media?parent=93"}],"wp:term":[{"taxonomy":"category","embeddable":true,"href":"https:\/\/prensapresidencialvenezuela.gob.ve\/index.php\/wp-json\/wp\/v2\/categories?post=93"},{"taxonomy":"post_tag","embeddable":true,"href":"https:\/\/prensapresidencialvenezuela.gob.ve\/index.php\/wp-json\/wp\/v2\/tags?post=93"}],"curies":[{"name":"wp","href":"https:\/\/api.w.org\/{rel}","templated":true}]}}