{"id":931,"date":"2022-01-24T21:19:00","date_gmt":"2022-01-24T21:19:00","guid":{"rendered":"http:\/\/172.27.0.121\/?p=931"},"modified":"2022-05-28T21:22:00","modified_gmt":"2022-05-28T21:22:00","slug":"plenaria-del-consejo-federal-de-gobierno-se-realiza-en-miraflores","status":"publish","type":"post","link":"https:\/\/prensapresidencialvenezuela.gob.ve\/index.php\/2022\/01\/24\/plenaria-del-consejo-federal-de-gobierno-se-realiza-en-miraflores\/","title":{"rendered":"Plenaria del Consejo Federal de Gobierno se realiza en Miraflores"},"content":{"rendered":"\n<p><strong>Palacio de Miraflores, Caracas.-<\/strong>&nbsp; La vicepresidenta Ejecutiva de la Rep\u00fablica, Delcy Rodr\u00edguez G\u00f3mez, lidera la tarde de este lunes la Plenaria del Consejo Federal de Gobierno,&nbsp; desde el Palacio de Miraflores.<\/p>\n\n\n\n<p>Esta convocatoria hecha por el presidente Nicol\u00e1s Maduro forma parte de \u00a0las acciones de recuperaci\u00f3n econ\u00f3mica que emprende el Ejecutivo Nacional para recuperar el estado de bienestar social del pueblo y para hacerle frente a las ilegales sanciones imperialistas que sufre el pa\u00eds.<\/p>\n\n\n\n<p>\u201cEl 2022 ser\u00e1 el a\u00f1o de la consolidaci\u00f3n de la Revoluci\u00f3n por el camino democr\u00e1tico y de la recuperaci\u00f3n y expansi\u00f3n de la econ\u00f3mica venezolana\u201d,&nbsp; ha afirmado el Jefe de Estado y de Gobierno<\/p>\n\n\n\n<p>Se encuentran presentes en el Palacio de Gobierno miembros del Gabinete Ejecutivo, los gobernadores, gobernadoras, alcaldesas y alcaldes electos el pasado 21 de noviembre.<\/p>\n\n\n\n<p>El Consejo Federal De Gobierno constituye el \u00a0\u00f3rgano de coordinaci\u00f3n y revisi\u00f3n de las pol\u00edticas p\u00fablicas para buscar soluciones a las necesidades del pueblo, as\u00ed como garantizar los derechos fundamentales ..<\/p>\n\n\n\n<p>Venezuela abre una nueva era con la 3R.Nets (resistir, renacer y revolucionar) que se ha planteado el Ejecutivo nacional para la construcci\u00f3n del Socialismo Bolivariano del siglo XXI, de cara a la era Bicentenaria 2030.<\/p>\n\n\n\n<p><strong>Prensa Presidencial\/Karla Cotoret<\/strong><\/p>\n","protected":false},"excerpt":{"rendered":"<p>Palacio de Miraflores, Caracas.-&nbsp; La vicepresidenta Ejecutiva de la Rep\u00fablica, Delcy Rodr\u00edguez G\u00f3mez, lidera la tarde de este lunes la Plenaria del Consejo Federal de Gobierno,&nbsp; desde el Palacio de Miraflores. Esta convocatoria hecha por el presidente Nicol\u00e1s Maduro forma parte de \u00a0las acciones de recuperaci\u00f3n econ\u00f3mica que emprende el Ejecutivo Nacional para recuperar el [&hellip;]<\/p>\n","protected":false},"author":6,"featured_media":932,"comment_status":"open","ping_status":"open","sticky":false,"template":"","format":"standard","meta":{"footnotes":""},"categories":[7],"tags":[],"class_list":["post-931","post","type-post","status-publish","format-standard","has-post-thumbnail","hentry","category-notas-de-prensa"],"_links":{"self":[{"href":"https:\/\/prensapresidencialvenezuela.gob.ve\/index.php\/wp-json\/wp\/v2\/posts\/931","targetHints":{"allow":["GET"]}}],"collection":[{"href":"https:\/\/prensapresidencialvenezuela.gob.ve\/index.php\/wp-json\/wp\/v2\/posts"}],"about":[{"href":"https:\/\/prensapresidencialvenezuela.gob.ve\/index.php\/wp-json\/wp\/v2\/types\/post"}],"author":[{"embeddable":true,"href":"https:\/\/prensapresidencialvenezuela.gob.ve\/index.php\/wp-json\/wp\/v2\/users\/6"}],"replies":[{"embeddable":true,"href":"https:\/\/prensapresidencialvenezuela.gob.ve\/index.php\/wp-json\/wp\/v2\/comments?post=931"}],"version-history":[{"count":1,"href":"https:\/\/prensapresidencialvenezuela.gob.ve\/index.php\/wp-json\/wp\/v2\/posts\/931\/revisions"}],"predecessor-version":[{"id":933,"href":"https:\/\/prensapresidencialvenezuela.gob.ve\/index.php\/wp-json\/wp\/v2\/posts\/931\/revisions\/933"}],"wp:featuredmedia":[{"embeddable":true,"href":"https:\/\/prensapresidencialvenezuela.gob.ve\/index.php\/wp-json\/wp\/v2\/media\/932"}],"wp:attachment":[{"href":"https:\/\/prensapresidencialvenezuela.gob.ve\/index.php\/wp-json\/wp\/v2\/media?parent=931"}],"wp:term":[{"taxonomy":"category","embeddable":true,"href":"https:\/\/prensapresidencialvenezuela.gob.ve\/index.php\/wp-json\/wp\/v2\/categories?post=931"},{"taxonomy":"post_tag","embeddable":true,"href":"https:\/\/prensapresidencialvenezuela.gob.ve\/index.php\/wp-json\/wp\/v2\/tags?post=931"}],"curies":[{"name":"wp","href":"https:\/\/api.w.org\/{rel}","templated":true}]}}