{"id":934,"date":"2022-01-24T21:22:00","date_gmt":"2022-01-24T21:22:00","guid":{"rendered":"http:\/\/172.27.0.121\/?p=934"},"modified":"2022-05-28T21:25:14","modified_gmt":"2022-05-28T21:25:14","slug":"presidente-maduro-instala-plenaria-del-consejo-federal-de-gobierno","status":"publish","type":"post","link":"https:\/\/prensapresidencialvenezuela.gob.ve\/index.php\/2022\/01\/24\/presidente-maduro-instala-plenaria-del-consejo-federal-de-gobierno\/","title":{"rendered":"Presidente Maduro instala plenaria del Consejo Federal de Gobierno"},"content":{"rendered":"\n<p><strong>Palacio de Miraflores, Caracas.-<\/strong> El presidente de la Rep\u00fablica, Nicol\u00e1s Maduro Moros, se re\u00fane la tarde de este lunes con el Consejo Federal de Gobierno, en el Sal\u00f3n Ayacucho del Palacio de Miraflores.<\/p>\n\n\n\n<p>El encuentro tiene por finalidad establecer las l\u00edneas de trabajo para avanzar en el fortalecimiento de los servicios p\u00fablicos y de la econom\u00eda y buscar solucionar las necesidades m\u00e1s urgentes del pueblo.<\/p>\n\n\n\n<p>Se encuentran presentes la vicepresidenta Ejecutiva, Delcy, Rodr\u00edguez; el vicepresidente sectorial de Econom\u00eda, Tareck El Aissami; el Secretario Ejecutivo del Consejo Federal de Gobierno, Guy Vern\u00e1ez,\u00a0 gobernadores, alcaldes de los municipios capitales del pa\u00eds, entre otros miembros del Gabinete Ejecutivo.<\/p>\n\n\n\n<p>El Consejo Federal de Gobierno es un organismo compuesto por los poderes municipales, estadales y nacionales de la Rep\u00fablica Bolivariana de Venezuela, cuyo objetivo es profundizar el proceso descentralizador del Estado.<\/p>\n\n\n\n<p>Tiene su basamento constitucional en el art\u00edculo 185, y en la Ley Org\u00e1nica del Consejo Federal de Gobierno dictada por el presidente Hugo Ch\u00e1vez, en el marco de la ley habilitante, el 22 de febrero de 2010.<\/p>\n\n\n\n<p>Es el \u00f3rgano encargado de la coordinaci\u00f3n y la planificaci\u00f3n de pol\u00edticas y acciones para el desarrollo del proceso de descentralizaci\u00f3n y transferencia de competencias del Ejecutivo Nacional a los estados, municipios, Consejos Comunales y organizaciones del Poder Popular, as\u00ed como el desarrollo equilibrado de las regiones, respetando los de: justicia social, participaci\u00f3n ciudadana, integridad territorial, cooperaci\u00f3n, solidaridad, concurrencia, coordinaci\u00f3n, interdependencia y subsidiaridad.<\/p>\n\n\n\n<p><strong>Prensa Presidencial\/Karla Cotoret<\/strong><\/p>\n","protected":false},"excerpt":{"rendered":"<p>Palacio de Miraflores, Caracas.- El presidente de la Rep\u00fablica, Nicol\u00e1s Maduro Moros, se re\u00fane la tarde de este lunes con el Consejo Federal de Gobierno, en el Sal\u00f3n Ayacucho del Palacio de Miraflores. El encuentro tiene por finalidad establecer las l\u00edneas de trabajo para avanzar en el fortalecimiento de los servicios p\u00fablicos y de la [&hellip;]<\/p>\n","protected":false},"author":6,"featured_media":935,"comment_status":"open","ping_status":"open","sticky":false,"template":"","format":"standard","meta":{"footnotes":""},"categories":[7],"tags":[],"class_list":["post-934","post","type-post","status-publish","format-standard","has-post-thumbnail","hentry","category-notas-de-prensa"],"_links":{"self":[{"href":"https:\/\/prensapresidencialvenezuela.gob.ve\/index.php\/wp-json\/wp\/v2\/posts\/934","targetHints":{"allow":["GET"]}}],"collection":[{"href":"https:\/\/prensapresidencialvenezuela.gob.ve\/index.php\/wp-json\/wp\/v2\/posts"}],"about":[{"href":"https:\/\/prensapresidencialvenezuela.gob.ve\/index.php\/wp-json\/wp\/v2\/types\/post"}],"author":[{"embeddable":true,"href":"https:\/\/prensapresidencialvenezuela.gob.ve\/index.php\/wp-json\/wp\/v2\/users\/6"}],"replies":[{"embeddable":true,"href":"https:\/\/prensapresidencialvenezuela.gob.ve\/index.php\/wp-json\/wp\/v2\/comments?post=934"}],"version-history":[{"count":1,"href":"https:\/\/prensapresidencialvenezuela.gob.ve\/index.php\/wp-json\/wp\/v2\/posts\/934\/revisions"}],"predecessor-version":[{"id":936,"href":"https:\/\/prensapresidencialvenezuela.gob.ve\/index.php\/wp-json\/wp\/v2\/posts\/934\/revisions\/936"}],"wp:featuredmedia":[{"embeddable":true,"href":"https:\/\/prensapresidencialvenezuela.gob.ve\/index.php\/wp-json\/wp\/v2\/media\/935"}],"wp:attachment":[{"href":"https:\/\/prensapresidencialvenezuela.gob.ve\/index.php\/wp-json\/wp\/v2\/media?parent=934"}],"wp:term":[{"taxonomy":"category","embeddable":true,"href":"https:\/\/prensapresidencialvenezuela.gob.ve\/index.php\/wp-json\/wp\/v2\/categories?post=934"},{"taxonomy":"post_tag","embeddable":true,"href":"https:\/\/prensapresidencialvenezuela.gob.ve\/index.php\/wp-json\/wp\/v2\/tags?post=934"}],"curies":[{"name":"wp","href":"https:\/\/api.w.org\/{rel}","templated":true}]}}