{"id":9346,"date":"2024-03-24T18:34:00","date_gmt":"2024-03-24T22:34:00","guid":{"rendered":"http:\/\/172.27.0.121\/?p=9346"},"modified":"2024-04-15T18:36:09","modified_gmt":"2024-04-15T22:36:09","slug":"presidente-maduro-crea-alta-comision-de-estado-contra-el-fascismo-y-el-neofascismo","status":"publish","type":"post","link":"https:\/\/prensapresidencialvenezuela.gob.ve\/index.php\/2024\/03\/24\/presidente-maduro-crea-alta-comision-de-estado-contra-el-fascismo-y-el-neofascismo\/","title":{"rendered":"Presidente Maduro crea Alta Comisi\u00f3n de Estado Contra el Fascismo y el Neofascismo"},"content":{"rendered":"\n<p><strong>Palacio de Miraflores, Caracas.-<\/strong> El presidente de la Rep\u00fablica Bolivariana de Venezuela, Nicol\u00e1s Maduro Moros, crea la Comisi\u00f3n de Estado Contra el Fascismo y el Neofascismo.<\/p>\n\n\n\n<p>La informaci\u00f3n la dio a conocer la vicepresidenta Ejecutiva de la Rep\u00fablica, Delcy Rodr\u00edguez, desde su cuenta oficial en la plataforma digital \u201cX\u201d @delcyrodriguezv, este domingo en horas de la tarde.<\/p>\n\n\n\n<p>A trav\u00e9s de este mensaje se detalla que la Alta Comisi\u00f3n asume la tarea inmediata, a fin de presentar, a la brevedad a la Asamblea Nacional (AN) un Proyecto de Ley Contra el Fascismo y toda agresi\u00f3n neofascista en el ejercicio de la pol\u00edtica y vida.<\/p>\n\n\n\n<p>El mensaje integro de la alta funcionaria venezolana es el siguiente: \u00abEl Pdte. @NicolasMaduro ha decidido crear una Alta Comisi\u00f3n de Estado Contra el Fascismo y el Neofascismo para que presente a la brevedad a la @Asamblea_Ven un Proyecto de Ley Contra el Fascismo y toda expresi\u00f3n neofascista en el ejercicio de la pol\u00edtica y la vida nacional.&nbsp;Ello en atenci\u00f3n a los hechos de violencia que conoci\u00f3 el pa\u00eds en los a\u00f1os 2014, 2015, 2017; as\u00ed como las graves consecuencias para la econom\u00eda del pa\u00eds, la soberan\u00eda y la integridad territorial comprometidos por factores extremistas que tomaron el parlamento venezolano en el a\u00f1o 2015 para despojar a Venezuela de sus recursos y crear desestabilizaci\u00f3n interna. Y finalmente, en consideraci\u00f3n de la situaci\u00f3n internacional cuya paz y estabilidad est\u00e1n amenazadas por expresiones neofascistas enconadas en centros de poder al servicio del norte global! En Venezuela el fascismo ni el neonazismo pasar\u00e1n!\u00bb<\/p>\n\n\n\n<p>Estas decisiones del Ejecutivo nacional se inscriben en todas las estrategias y t\u00e1cticas de la Naci\u00f3n venezolana, en resguardo de nuestra soberan\u00eda, as\u00ed como seguridad, defensa y garant\u00eda de paz de la Naci\u00f3n.<\/p>\n\n\n\n<p>Es importante recordar que Venezuela, un pa\u00eds que desde que naci\u00f3 la Revoluci\u00f3n Bolivariana, decidi\u00f3 no bajar la cabeza ante el imperio, ha sido blanco de ataques velados, sin embargo, ya en estos tiempos son agresiones evidentes ante el mundo.<\/p>\n\n\n\n<p><strong>Prensa Presidencial \/ Ana\u00eds P\u00e9rez<\/strong><\/p>\n","protected":false},"excerpt":{"rendered":"<p>Palacio de Miraflores, Caracas.- El presidente de la Rep\u00fablica Bolivariana de Venezuela, Nicol\u00e1s Maduro Moros, crea la Comisi\u00f3n de Estado Contra el Fascismo y el Neofascismo. La informaci\u00f3n la dio a conocer la vicepresidenta Ejecutiva de la Rep\u00fablica, Delcy Rodr\u00edguez, desde su cuenta oficial en la plataforma digital \u201cX\u201d @delcyrodriguezv, este domingo en horas de [&hellip;]<\/p>\n","protected":false},"author":4,"featured_media":9348,"comment_status":"open","ping_status":"open","sticky":false,"template":"","format":"standard","meta":{"footnotes":""},"categories":[18,7],"tags":[],"class_list":["post-9346","post","type-post","status-publish","format-standard","has-post-thumbnail","hentry","category-noticias-principales","category-notas-de-prensa"],"_links":{"self":[{"href":"https:\/\/prensapresidencialvenezuela.gob.ve\/index.php\/wp-json\/wp\/v2\/posts\/9346","targetHints":{"allow":["GET"]}}],"collection":[{"href":"https:\/\/prensapresidencialvenezuela.gob.ve\/index.php\/wp-json\/wp\/v2\/posts"}],"about":[{"href":"https:\/\/prensapresidencialvenezuela.gob.ve\/index.php\/wp-json\/wp\/v2\/types\/post"}],"author":[{"embeddable":true,"href":"https:\/\/prensapresidencialvenezuela.gob.ve\/index.php\/wp-json\/wp\/v2\/users\/4"}],"replies":[{"embeddable":true,"href":"https:\/\/prensapresidencialvenezuela.gob.ve\/index.php\/wp-json\/wp\/v2\/comments?post=9346"}],"version-history":[{"count":1,"href":"https:\/\/prensapresidencialvenezuela.gob.ve\/index.php\/wp-json\/wp\/v2\/posts\/9346\/revisions"}],"predecessor-version":[{"id":9352,"href":"https:\/\/prensapresidencialvenezuela.gob.ve\/index.php\/wp-json\/wp\/v2\/posts\/9346\/revisions\/9352"}],"wp:featuredmedia":[{"embeddable":true,"href":"https:\/\/prensapresidencialvenezuela.gob.ve\/index.php\/wp-json\/wp\/v2\/media\/9348"}],"wp:attachment":[{"href":"https:\/\/prensapresidencialvenezuela.gob.ve\/index.php\/wp-json\/wp\/v2\/media?parent=9346"}],"wp:term":[{"taxonomy":"category","embeddable":true,"href":"https:\/\/prensapresidencialvenezuela.gob.ve\/index.php\/wp-json\/wp\/v2\/categories?post=9346"},{"taxonomy":"post_tag","embeddable":true,"href":"https:\/\/prensapresidencialvenezuela.gob.ve\/index.php\/wp-json\/wp\/v2\/tags?post=9346"}],"curies":[{"name":"wp","href":"https:\/\/api.w.org\/{rel}","templated":true}]}}