{"id":9351,"date":"2023-11-22T19:36:00","date_gmt":"2023-11-22T23:36:00","guid":{"rendered":"http:\/\/172.27.0.121\/?p=9351"},"modified":"2024-04-15T18:38:46","modified_gmt":"2024-04-15T22:38:46","slug":"el-3-d-se-marcara-un-precedente-en-la-historia-de-venezuela","status":"publish","type":"post","link":"https:\/\/prensapresidencialvenezuela.gob.ve\/index.php\/2023\/11\/22\/el-3-d-se-marcara-un-precedente-en-la-historia-de-venezuela\/","title":{"rendered":"El 3-D se marcar\u00e1 un precedente en la historia de Venezuela"},"content":{"rendered":"\n<p><strong>Poliedro de Caracas, Distrito Capital.-<\/strong>&nbsp;El refer\u00e9ndum consultivo del pr\u00f3ximo 3 de diciembre marcar\u00e1 un precedente en la historia de Venezuela, por ser un proceso que no estar\u00e1 en manos de expertos o abogados, sino que ser\u00e1 del pueblo venezolano, as\u00ed lo afirm\u00f3 el presidente de la Rep\u00fablica Bolivariana de Venezuela, Nicol\u00e1s Maduro Moros, durante el encuentro de cadetes de la FANB en defensa del Esequibo.<\/p>\n\n\n\n<p>\u201cPor primera vez en la historia, en base a la Constituci\u00f3n, este tema se lleva a quien tiene que decidir, al pueblo, a los humildes \u2013dijo- Que decida el pueblo el destino de nuestra Patria\u201d.<\/p>\n\n\n\n<p>Afirm\u00f3 que toda la trama de conspiraci\u00f3n contra Venezuela, que envuelve el tema de la Guayana Esequiba, tiene detr\u00e1s a la ExxonMobil, que se encarga de pagar a sus empleados de oposici\u00f3n, tambi\u00e9n aqu\u00ed en Venezuela, para que ejecuten el sabotaje del refer\u00e9ndum.<\/p>\n\n\n\n<p>\u201cPara que salgan a sabotear el refer\u00e9ndum, para que salgan a hablar mal del refer\u00e9ndum, mucho billete est\u00e1 corriendo de la ExxonMobil para comprar pol\u00edticas y pol\u00edticos de la ultraderecha\u201d, denunci\u00f3 el Mandatario.<\/p>\n\n\n\n<p>Se\u00f1al\u00f3 que este movimiento nacional nunca antes visto por los imperios, est\u00e1 provocando \u201cnerviosismo\u201d.<\/p>\n\n\n\n<p>\u201cEst\u00e1n nerviosos los proimperialistas, est\u00e1n nerviosas las proimperialistas, arrastrados y arrastradas, intereses de los gringos, del imperio desde la ultraderecha venezolana y latinoamericana, hay nervios en Guyana, hay nervios en el norte, p\u00f3nganse bien nerviosos, suden bastante, porque llueva, truene o relampagu\u00e9e el refer\u00e9ndum el 3 de diciembre va\u201d, sentenci\u00f3 Maduro.<\/p>\n\n\n\n<p><strong>Venezuela firme en su posici\u00f3n hist\u00f3rica<\/strong><\/p>\n\n\n\n<p>La posici\u00f3n de nuestro pa\u00eds, frente a la disputa por el Esequibo, reconoce exclusivamente el Acuerdo de Ginebra como \u00fanico instrumento v\u00e1lido para llevar este proceso, adem\u00e1s, que rechaza cualquier intromisi\u00f3n de la Corte Internacional de Justicia.<\/p>\n\n\n\n<p>El Mandatario nacional record\u00f3 que nuestro pa\u00eds tiene \u201ccomo posici\u00f3n hist\u00f3rica desde Isa\u00edas Medina Angarita hasta nuestros d\u00edas\u201d que la Corte Internacional de Justicia (CIJ) no tiene la competencia para atender el tema de la controversia sobre el territorio de la Guayana Esequiba.<\/p>\n\n\n\n<p>Destac\u00f3 que el gobierno guyan\u00e9s ha ignorado las invitaciones del Ejecutivo venezolano, para tratar la disputa.<\/p>\n\n\n\n<p>\u201cEllos se fueron de manera unilateral, sin el visto bueno y la firma nuestra, violando el Acuerdo de Ginebra\u201d.<\/p>\n\n\n\n<p>Puntualiz\u00f3 que dicho instrumento legal desglosa que \u201cestamos obligados a una negociaci\u00f3n y un acuerdo negociado, amistoso, pr\u00e1ctico y satisfactorios para las dos partes\u201d.<\/p>\n\n\n\n<p>Sentenci\u00f3 que Guyana viene movi\u00e9ndose por los caminos de la ilegalidad al no reconocer el estatuto que \u201cobliga a que cualquier causa que vaya entre dos pa\u00edses, los dos pa\u00edses acepten la jurisdicci\u00f3n\u201d, es decir, que ambas naciones deben estar de acuerdo en acudir a la Corte Internacional de Justicia para que exista validez.<\/p>\n\n\n\n<p><strong>Prensa Presidencial\/Mar\u00eda Mercedes Noguera<\/strong><\/p>\n\n\n\n<p><\/p>\n","protected":false},"excerpt":{"rendered":"<p>Poliedro de Caracas, Distrito Capital.-&nbsp;El refer\u00e9ndum consultivo del pr\u00f3ximo 3 de diciembre marcar\u00e1 un precedente en la historia de Venezuela, por ser un proceso que no estar\u00e1 en manos de expertos o abogados, sino que ser\u00e1 del pueblo venezolano, as\u00ed lo afirm\u00f3 el presidente de la Rep\u00fablica Bolivariana de Venezuela, Nicol\u00e1s Maduro Moros, durante el [&hellip;]<\/p>\n","protected":false},"author":4,"featured_media":9357,"comment_status":"open","ping_status":"open","sticky":false,"template":"","format":"standard","meta":{"footnotes":""},"categories":[18,7],"tags":[30,145,19,27,20],"class_list":["post-9351","post","type-post","status-publish","format-standard","has-post-thumbnail","hentry","category-noticias-principales","category-notas-de-prensa","tag-destacado","tag-guayana-esequiba","tag-nicolas-maduro","tag-revolucion-bolivariana","tag-venezuela"],"_links":{"self":[{"href":"https:\/\/prensapresidencialvenezuela.gob.ve\/index.php\/wp-json\/wp\/v2\/posts\/9351","targetHints":{"allow":["GET"]}}],"collection":[{"href":"https:\/\/prensapresidencialvenezuela.gob.ve\/index.php\/wp-json\/wp\/v2\/posts"}],"about":[{"href":"https:\/\/prensapresidencialvenezuela.gob.ve\/index.php\/wp-json\/wp\/v2\/types\/post"}],"author":[{"embeddable":true,"href":"https:\/\/prensapresidencialvenezuela.gob.ve\/index.php\/wp-json\/wp\/v2\/users\/4"}],"replies":[{"embeddable":true,"href":"https:\/\/prensapresidencialvenezuela.gob.ve\/index.php\/wp-json\/wp\/v2\/comments?post=9351"}],"version-history":[{"count":1,"href":"https:\/\/prensapresidencialvenezuela.gob.ve\/index.php\/wp-json\/wp\/v2\/posts\/9351\/revisions"}],"predecessor-version":[{"id":9358,"href":"https:\/\/prensapresidencialvenezuela.gob.ve\/index.php\/wp-json\/wp\/v2\/posts\/9351\/revisions\/9358"}],"wp:featuredmedia":[{"embeddable":true,"href":"https:\/\/prensapresidencialvenezuela.gob.ve\/index.php\/wp-json\/wp\/v2\/media\/9357"}],"wp:attachment":[{"href":"https:\/\/prensapresidencialvenezuela.gob.ve\/index.php\/wp-json\/wp\/v2\/media?parent=9351"}],"wp:term":[{"taxonomy":"category","embeddable":true,"href":"https:\/\/prensapresidencialvenezuela.gob.ve\/index.php\/wp-json\/wp\/v2\/categories?post=9351"},{"taxonomy":"post_tag","embeddable":true,"href":"https:\/\/prensapresidencialvenezuela.gob.ve\/index.php\/wp-json\/wp\/v2\/tags?post=9351"}],"curies":[{"name":"wp","href":"https:\/\/api.w.org\/{rel}","templated":true}]}}