{"id":9362,"date":"2024-03-25T18:39:00","date_gmt":"2024-03-25T22:39:00","guid":{"rendered":"http:\/\/172.27.0.121\/?p=9362"},"modified":"2024-04-15T18:40:25","modified_gmt":"2024-04-15T22:40:25","slug":"nicolas-maduro-es-el-candidato-presidencial-de-la-patria-ante-el-cne","status":"publish","type":"post","link":"https:\/\/prensapresidencialvenezuela.gob.ve\/index.php\/2024\/03\/25\/nicolas-maduro-es-el-candidato-presidencial-de-la-patria-ante-el-cne\/","title":{"rendered":"Nicol\u00e1s Maduro es el candidato presidencial de la Patria ante el CNE"},"content":{"rendered":"\n<p><strong>Consejo Nacional Electoral, Caracas<\/strong>. Tras un recorrido por la avenida Bol\u00edvar de Caracas, donde el presidente Nicol\u00e1s Maduro Moros, fue recibido por una multitud que le mostr\u00f3 su apoyo, amor y lealtad, el candidato de la Patria, cumpli\u00f3 con la formalidad ante el Consejo Nacional Electoral (CNE), al inscribirse su candidatura con el Partido Socialista Unido de Venezuela (PSUV), para la elecci\u00f3n presidencial de este 28 de julio, como mandato de cerca de 5 millones de mujeres y hombres que lo postularon en m\u00e1s de 317 mil asambleas en todo el pa\u00eds.<\/p>\n\n\n\n<p>Maduro agradeci\u00f3 a la militancia de base que lo postul\u00f3 como candidato presidencial, al tiempo que entreg\u00f3 ante el CNE, el Plan de la Patria 2025-2031, como plan de gobierno para ese periodo. All\u00ed expres\u00f3: \u201camo infinitamente esta Patria y aprend\u00ed de ni\u00f1o a cultivar la lealtad y la felicidad con el ser amado y a protegerlo, a defenderlo y a respetarlo por encima de mi propia vida si fuese necesario\u201d.<\/p>\n\n\n\n<p>El candidato de la Patria y del futuro, Nicol\u00e1s Maduro, felicit\u00f3 agradeci\u00f3 la confianza de los 10 partidos pol\u00edticos del Gran Polo Patri\u00f3tico Sim\u00f3n Bol\u00edvar, al Voluntariado por Venezuela Movimiento Futuro, as\u00ed como a la juventud y pueblo que propuso su nombre como candidato presidencial para el periodo 2025-2031.<\/p>\n\n\n\n<p>\u201cCasi 5 millones de mujeres y hombres de esta tierra levantaron su acta, dieron sus razones, su fuerza, su verdad para postular el nombre de este hombre de Caracas, este hombre de a pie, a este hombre de los barrios, obrero humilde, como candidato a la Presidencia de la Rep\u00fablica\u201d, expres\u00f3 Maduro emocionado.<\/p>\n\n\n\n<p>Indic\u00f3 que desde el d\u00eda que se iniciaron las asambleas de calle, comunidad y Unidades de Batalla Bol\u00edvar Ch\u00e1vez (UBCh) organizadas por el PSUV, para decidir su postulaci\u00f3n presidencial con el aval del Congreso de la Nueva \u00c9poca y del Gran Polo Patri\u00f3tico, se dedic\u00f3 a escuchar las razones, argumentos, an\u00e1lisis y perspectivas y destac\u00f3 la \u00e9pica del pueblo heroico y la valoraci\u00f3n de la esencia humana de la batalla antiimperialista y de anticoloniaje que se libra hoy con grandes victorias.<\/p>\n\n\n\n<p>Conmovido por la generosidad y el reconocimiento de parte del pueblo manifest\u00f3 \u201csobre todo me llen\u00f3 de orgullo tanta conciencia y tanto sentido de historia que tiene nuestro amado pueblo de Venezuela. Expresaron su voluntad de postular mi nombre constitucionalmente enarbolando los m\u00e1s sencillos y a la vez elevados valores humanos, lo cual considero es una recompensa, amorosa que jam\u00e1s espere, pero que me llena de fuerza, de vida, de energ\u00eda, de amor para seguir luchando por nuestra Patria por el futuro de todas y de todos\u201d.<\/p>\n\n\n\n<p>Destac\u00f3 la valent\u00eda del pueblo que ha superado con resistencia heroica las m\u00e1s de 930 Medidas Coercitivas Unilaterales, impuestas por el gobierno estadounidense y sus aliados de occidente y precis\u00f3 \u201cestoy hecho del mismo barrio bendito de ustedes, hecho del barrio bendito del pueblo y que ha sido el pueblo con su resistencia y perseverancia mi maestro intelectual, mi gu\u00eda espiritual, mi apoyo f\u00edsico y moral, y mi \u00fanica raz\u00f3n de existencia desde que a los 12 a\u00f1os de edad empec\u00e9 la militancia revolucionaria por voluntad propia\u201d.<\/p>\n\n\n\n<p>El jefe de Estado acudi\u00f3 al CNE, acompa\u00f1ado de la Primera Combatiente, as\u00ed como por el alto mando del PSUV y de la directiva del Gran Polo Patri\u00f3tico y Movimiento Futuro.<\/p>\n\n\n\n<p>Se destaca que para cumplir con los requisitos formales, el Primer Vicepresidente del PSUV, Diosdado Cabello Rond\u00f3n, dio cumplimiento a la Ley Org\u00e1nica de Procesos Electorales, en su art\u00edculo 59, al entregar la planilla de postulaci\u00f3n, previamente emitida por el sistema automatizado del CNE, a la Junta Directiva del ente comicial para postular al candidato presidencial Nicol\u00e1s Maduro Moros.<\/p>\n\n\n\n<p><strong>Prensa Presidencial \/ Yndira L\u00f3pez<\/strong><\/p>\n","protected":false},"excerpt":{"rendered":"<p>Consejo Nacional Electoral, Caracas. Tras un recorrido por la avenida Bol\u00edvar de Caracas, donde el presidente Nicol\u00e1s Maduro Moros, fue recibido por una multitud que le mostr\u00f3 su apoyo, amor y lealtad, el candidato de la Patria, cumpli\u00f3 con la formalidad ante el Consejo Nacional Electoral (CNE), al inscribirse su candidatura con el Partido Socialista [&hellip;]<\/p>\n","protected":false},"author":4,"featured_media":9363,"comment_status":"open","ping_status":"open","sticky":false,"template":"","format":"standard","meta":{"footnotes":""},"categories":[18,7],"tags":[],"class_list":["post-9362","post","type-post","status-publish","format-standard","has-post-thumbnail","hentry","category-noticias-principales","category-notas-de-prensa"],"_links":{"self":[{"href":"https:\/\/prensapresidencialvenezuela.gob.ve\/index.php\/wp-json\/wp\/v2\/posts\/9362","targetHints":{"allow":["GET"]}}],"collection":[{"href":"https:\/\/prensapresidencialvenezuela.gob.ve\/index.php\/wp-json\/wp\/v2\/posts"}],"about":[{"href":"https:\/\/prensapresidencialvenezuela.gob.ve\/index.php\/wp-json\/wp\/v2\/types\/post"}],"author":[{"embeddable":true,"href":"https:\/\/prensapresidencialvenezuela.gob.ve\/index.php\/wp-json\/wp\/v2\/users\/4"}],"replies":[{"embeddable":true,"href":"https:\/\/prensapresidencialvenezuela.gob.ve\/index.php\/wp-json\/wp\/v2\/comments?post=9362"}],"version-history":[{"count":1,"href":"https:\/\/prensapresidencialvenezuela.gob.ve\/index.php\/wp-json\/wp\/v2\/posts\/9362\/revisions"}],"predecessor-version":[{"id":9364,"href":"https:\/\/prensapresidencialvenezuela.gob.ve\/index.php\/wp-json\/wp\/v2\/posts\/9362\/revisions\/9364"}],"wp:featuredmedia":[{"embeddable":true,"href":"https:\/\/prensapresidencialvenezuela.gob.ve\/index.php\/wp-json\/wp\/v2\/media\/9363"}],"wp:attachment":[{"href":"https:\/\/prensapresidencialvenezuela.gob.ve\/index.php\/wp-json\/wp\/v2\/media?parent=9362"}],"wp:term":[{"taxonomy":"category","embeddable":true,"href":"https:\/\/prensapresidencialvenezuela.gob.ve\/index.php\/wp-json\/wp\/v2\/categories?post=9362"},{"taxonomy":"post_tag","embeddable":true,"href":"https:\/\/prensapresidencialvenezuela.gob.ve\/index.php\/wp-json\/wp\/v2\/tags?post=9362"}],"curies":[{"name":"wp","href":"https:\/\/api.w.org\/{rel}","templated":true}]}}