{"id":9368,"date":"2023-11-22T19:40:00","date_gmt":"2023-11-22T23:40:00","guid":{"rendered":"http:\/\/172.27.0.121\/?p=9368"},"modified":"2024-04-15T18:43:15","modified_gmt":"2024-04-15T22:43:15","slug":"venezuela-toda-esta-unida-en-defensa-del-esequibo","status":"publish","type":"post","link":"https:\/\/prensapresidencialvenezuela.gob.ve\/index.php\/2023\/11\/22\/venezuela-toda-esta-unida-en-defensa-del-esequibo\/","title":{"rendered":"Venezuela Toda est\u00e1 unida en defensa del Esequibo"},"content":{"rendered":"\n<p><strong>Poliedro de Caracas, La Rinconada.-\u00a0<\/strong>Al afirmar que los distintos sectores pol\u00edticos y sociales del pa\u00eds se encuentran unidos en defensa del territorio Esequibo, el presidente de la Rep\u00fablica Bolivariana de Venezuela, Nicol\u00e1s Maduro Moros, resalt\u00f3 el car\u00e1cter rebelde de la Fuerza Armada Nacional Bolivariana (FANB).<\/p>\n\n\n\n<p>\u201cHoy tenemos una poderosa, hist\u00f3rica, Fuerza Armada Nacional Bolivariana, hoy tenemos uni\u00f3n c\u00edvico militar, nacimos el d\u00eda en que la Patria dijo presente y estamos en el camino correcto de la valent\u00eda y del patriotismo\u201d, apunt\u00f3 el Jefe de Estado durante el encuentro con los cadetes de la FANB en defensa del Esequibo, acto realizado en el Poliedro de Caracas, ubicado en La Rinconada.<\/p>\n\n\n\n<p>Asimismo, se\u00f1al\u00f3 que a pesar de las diferencias pol\u00edticas con algunos sectores todo el pa\u00eds est\u00e1 unido en defensa de la Guayana Esequiba.<\/p>\n\n\n\n<p>\u201cEst\u00e1 sucediendo en todo el pa\u00eds, todos los partidos pol\u00edticos sin excepci\u00f3n, todos los partidos del Gran Polo Patri\u00f3tico, del bolivarianismo, del chavismo y de la oposici\u00f3n, pr\u00e1cticamente el 100% de los gobernadores est\u00e1n en campa\u00f1a por la defensa del Esequibo\u201d, asever\u00f3.<\/p>\n\n\n\n<p>En contexto, ratific\u00f3 que Venezuela cuenta con un Poder Electoral con garant\u00eda, confiable, transparente, legal y con alta tecnolog\u00eda, el cual garantiza la seguridad del voto el pr\u00f3ximo 3 de diciembre durante el refer\u00e9ndum consultivo sobre el Esequibo.<\/p>\n\n\n\n<p>\u201cHoy a diferencia de toda esta historia, tenemos Patria buena, un pueblo organizado, empoderado, listo para cualquier combate (\u2026) hemos logrado unir a toda Venezuela y Venezuela unida triunfar\u00e1 \u00a1Venceremos!\u201d, concluy\u00f3.<\/p>\n\n\n\n<p><strong>Prensa Presidencial\/Joelin Jim\u00e9nez<\/strong><\/p>\n","protected":false},"excerpt":{"rendered":"<p>Poliedro de Caracas, La Rinconada.-\u00a0Al afirmar que los distintos sectores pol\u00edticos y sociales del pa\u00eds se encuentran unidos en defensa del territorio Esequibo, el presidente de la Rep\u00fablica Bolivariana de Venezuela, Nicol\u00e1s Maduro Moros, resalt\u00f3 el car\u00e1cter rebelde de la Fuerza Armada Nacional Bolivariana (FANB). \u201cHoy tenemos una poderosa, hist\u00f3rica, Fuerza Armada Nacional Bolivariana, hoy [&hellip;]<\/p>\n","protected":false},"author":4,"featured_media":9372,"comment_status":"open","ping_status":"open","sticky":false,"template":"","format":"standard","meta":{"footnotes":""},"categories":[18,7],"tags":[30,145,19,27,20],"class_list":["post-9368","post","type-post","status-publish","format-standard","has-post-thumbnail","hentry","category-noticias-principales","category-notas-de-prensa","tag-destacado","tag-guayana-esequiba","tag-nicolas-maduro","tag-revolucion-bolivariana","tag-venezuela"],"_links":{"self":[{"href":"https:\/\/prensapresidencialvenezuela.gob.ve\/index.php\/wp-json\/wp\/v2\/posts\/9368","targetHints":{"allow":["GET"]}}],"collection":[{"href":"https:\/\/prensapresidencialvenezuela.gob.ve\/index.php\/wp-json\/wp\/v2\/posts"}],"about":[{"href":"https:\/\/prensapresidencialvenezuela.gob.ve\/index.php\/wp-json\/wp\/v2\/types\/post"}],"author":[{"embeddable":true,"href":"https:\/\/prensapresidencialvenezuela.gob.ve\/index.php\/wp-json\/wp\/v2\/users\/4"}],"replies":[{"embeddable":true,"href":"https:\/\/prensapresidencialvenezuela.gob.ve\/index.php\/wp-json\/wp\/v2\/comments?post=9368"}],"version-history":[{"count":1,"href":"https:\/\/prensapresidencialvenezuela.gob.ve\/index.php\/wp-json\/wp\/v2\/posts\/9368\/revisions"}],"predecessor-version":[{"id":9373,"href":"https:\/\/prensapresidencialvenezuela.gob.ve\/index.php\/wp-json\/wp\/v2\/posts\/9368\/revisions\/9373"}],"wp:featuredmedia":[{"embeddable":true,"href":"https:\/\/prensapresidencialvenezuela.gob.ve\/index.php\/wp-json\/wp\/v2\/media\/9372"}],"wp:attachment":[{"href":"https:\/\/prensapresidencialvenezuela.gob.ve\/index.php\/wp-json\/wp\/v2\/media?parent=9368"}],"wp:term":[{"taxonomy":"category","embeddable":true,"href":"https:\/\/prensapresidencialvenezuela.gob.ve\/index.php\/wp-json\/wp\/v2\/categories?post=9368"},{"taxonomy":"post_tag","embeddable":true,"href":"https:\/\/prensapresidencialvenezuela.gob.ve\/index.php\/wp-json\/wp\/v2\/tags?post=9368"}],"curies":[{"name":"wp","href":"https:\/\/api.w.org\/{rel}","templated":true}]}}