{"id":9401,"date":"2024-03-25T18:50:00","date_gmt":"2024-03-25T22:50:00","guid":{"rendered":"http:\/\/172.27.0.121\/?p=9401"},"modified":"2024-04-15T18:52:00","modified_gmt":"2024-04-15T22:52:00","slug":"primera-combatiente-al-lado-de-su-pueblo-y-su-presidente","status":"publish","type":"post","link":"https:\/\/prensapresidencialvenezuela.gob.ve\/index.php\/2024\/03\/25\/primera-combatiente-al-lado-de-su-pueblo-y-su-presidente\/","title":{"rendered":"Primera Combatiente al lado de su pueblo y su Presidente"},"content":{"rendered":"\n<p><strong>Plaza Diego Ibarra, Caracas.-<\/strong> Haciendo un reconocimiento por todos los momentos en los que el Gobierno Nacional, tuvo que hacer frente a los ataques de la derecha en confabulaci\u00f3n con el imperio, la Primera Combatiente, Cilia Flores de Maduro, afirm\u00f3 que las razones que dio el poder popular durante la Gran Movilizaci\u00f3n en apoyo a la inscripci\u00f3n del candidato de la Revoluci\u00f3n, Nicol\u00e1s Maduro, llenas de verdad, en favor de su incansable labor en pro de las comunidades se hace presente en la voz que defiende la gesti\u00f3n bolivariana.<\/p>\n\n\n\n<p>\u201cEl pueblo lo sabe, el pueblo conoce a Nicol\u00e1s Maduro por sus hechos, por sus obras, por sus frutos como lo dice la biblia, por sus actos, por sus frutos los conocer\u00e9is y por eso este pueblo conoce a Nicol\u00e1s Maduro y sabe que siempre ha estado all\u00ed protegiendo al pueblo\u201d.<\/p>\n\n\n\n<p>Frente a una tarima rodeada de pueblo ferviente, Flores afirm\u00f3 que ahora hay una mayor conciencia por parte de la gente y diferencian quienes apoyan la violencia y quienes obran en favor de la paz.<\/p>\n\n\n\n<p>\u201cEse pueblo conoce a los malvados, a los malos y saben que por sus hechos y sus frutos tambi\u00e9n son reconocidos, pero este pueblo sabe que ante la maldad de esta gente, de los apellidos, de la oligarqu\u00eda, siempre tuvimos un presidente protector que estuvo al lado del pueblo, de las mujeres, de los m\u00e1s humildes, de los j\u00f3venes, de los ni\u00f1os\u201d.<\/p>\n\n\n\n<p>As\u00ed mismo, dej\u00f3 ver la confianza y fe que tiene en el Presidente, la misma que tiene su pueblo en \u00e9l.<\/p>\n\n\n\n<p>\u201cPresidente yo que te conozco, que conf\u00edo en ti como conf\u00edo en el pueblo, que se de tu valent\u00eda, de tu actitud, que s\u00e9 de tu inteligencia, s\u00e9 que Nicol\u00e1s llevar\u00e1 esta patria a puerto seguro\u201d.<\/p>\n\n\n\n<p>Asumi\u00f3 tambi\u00e9n en su rol de esposa y compa\u00f1era incondicional del Mandatario Nacional, que cada sector del pa\u00eds seguir\u00e1 contando con su apoyo incondicional en esta nueva etapa de progreso que inicia para Venezuela.<\/p>\n\n\n\n<p>\u201cS\u00e9 que con Nicol\u00e1s la patria no se pierde y que nosotros vamos a transitar hacia la prosperidad, el pueblo te acompa\u00f1ar\u00e1 no estar\u00e1s solo y yo como esposa estar\u00e9 a tu lado, apoyando a todas las mujeres de la patria, apoyando a los hijos, a los ni\u00f1os, a las ni\u00f1as, apoyando a los adultos mayores, a los abuelos, a las abuelas tambi\u00e9n junto al pueblo\u201d.<\/p>\n\n\n\n<p><strong>Prensa Presidencial \/ Yndira L\u00f3pez<\/strong><\/p>\n","protected":false},"excerpt":{"rendered":"<p>Plaza Diego Ibarra, Caracas.- Haciendo un reconocimiento por todos los momentos en los que el Gobierno Nacional, tuvo que hacer frente a los ataques de la derecha en confabulaci\u00f3n con el imperio, la Primera Combatiente, Cilia Flores de Maduro, afirm\u00f3 que las razones que dio el poder popular durante la Gran Movilizaci\u00f3n en apoyo a [&hellip;]<\/p>\n","protected":false},"author":4,"featured_media":9408,"comment_status":"open","ping_status":"open","sticky":false,"template":"","format":"standard","meta":{"footnotes":""},"categories":[18,7],"tags":[],"class_list":["post-9401","post","type-post","status-publish","format-standard","has-post-thumbnail","hentry","category-noticias-principales","category-notas-de-prensa"],"_links":{"self":[{"href":"https:\/\/prensapresidencialvenezuela.gob.ve\/index.php\/wp-json\/wp\/v2\/posts\/9401","targetHints":{"allow":["GET"]}}],"collection":[{"href":"https:\/\/prensapresidencialvenezuela.gob.ve\/index.php\/wp-json\/wp\/v2\/posts"}],"about":[{"href":"https:\/\/prensapresidencialvenezuela.gob.ve\/index.php\/wp-json\/wp\/v2\/types\/post"}],"author":[{"embeddable":true,"href":"https:\/\/prensapresidencialvenezuela.gob.ve\/index.php\/wp-json\/wp\/v2\/users\/4"}],"replies":[{"embeddable":true,"href":"https:\/\/prensapresidencialvenezuela.gob.ve\/index.php\/wp-json\/wp\/v2\/comments?post=9401"}],"version-history":[{"count":1,"href":"https:\/\/prensapresidencialvenezuela.gob.ve\/index.php\/wp-json\/wp\/v2\/posts\/9401\/revisions"}],"predecessor-version":[{"id":9410,"href":"https:\/\/prensapresidencialvenezuela.gob.ve\/index.php\/wp-json\/wp\/v2\/posts\/9401\/revisions\/9410"}],"wp:featuredmedia":[{"embeddable":true,"href":"https:\/\/prensapresidencialvenezuela.gob.ve\/index.php\/wp-json\/wp\/v2\/media\/9408"}],"wp:attachment":[{"href":"https:\/\/prensapresidencialvenezuela.gob.ve\/index.php\/wp-json\/wp\/v2\/media?parent=9401"}],"wp:term":[{"taxonomy":"category","embeddable":true,"href":"https:\/\/prensapresidencialvenezuela.gob.ve\/index.php\/wp-json\/wp\/v2\/categories?post=9401"},{"taxonomy":"post_tag","embeddable":true,"href":"https:\/\/prensapresidencialvenezuela.gob.ve\/index.php\/wp-json\/wp\/v2\/tags?post=9401"}],"curies":[{"name":"wp","href":"https:\/\/api.w.org\/{rel}","templated":true}]}}