{"id":9438,"date":"2024-03-26T18:57:00","date_gmt":"2024-03-26T22:57:00","guid":{"rendered":"http:\/\/172.27.0.121\/?p=9438"},"modified":"2024-04-15T18:58:53","modified_gmt":"2024-04-15T22:58:53","slug":"rebelion-civico-militar-del-4f-sento-las-bases-del-proyecto-bolivariano","status":"publish","type":"post","link":"https:\/\/prensapresidencialvenezuela.gob.ve\/index.php\/2024\/03\/26\/rebelion-civico-militar-del-4f-sento-las-bases-del-proyecto-bolivariano\/","title":{"rendered":"Rebeli\u00f3n c\u00edvico-militar del 4F sent\u00f3 las bases del proyecto Bolivariano"},"content":{"rendered":"\n<p><strong>Municipio Sim\u00f3n Bol\u00edvar, estado Miranda.-<\/strong>&nbsp;La generaci\u00f3n fundacional de la Revoluci\u00f3n Bolivariana, integrada por los l\u00edderes de la rebeli\u00f3n c\u00edvico-militar del 4 de febrero de 1992, sent\u00f3 las bases del proyecto Bolivariano que hoy es gu\u00eda para la Patria.<\/p>\n\n\n\n<p>As\u00ed lo afirm\u00f3 el presidente de la Rep\u00fablica Bolivariana de Venezuela, Nicol\u00e1s Maduro, durante la conmemoraci\u00f3n del 30\u00b0 aniversario de la salida del Comandante Hugo Ch\u00e1vez de la C\u00e1rcel de la Dignidad, ocurrido el 26 de marzo de 1994.<\/p>\n\n\n\n<p>\u201cEsta generaci\u00f3n fundacional, alimentada de la generaci\u00f3n precursora de los revolucionarios, las revolucionarias de los a\u00f1os cuarenta, cincuenta, sesenta, setenta, ochenta, del ejemplo que dejaron, se pudo hilvanar un proyecto hist\u00f3rico de tres ra\u00edces: la ra\u00edz m\u00e1s poderosa Bol\u00edvar, unida a la ra\u00edz robinsoniana de Sim\u00f3n Rodr\u00edguez, inventamos o erramos y a la ra\u00edz rebelde de Ezequiel Zamora\u201d, describi\u00f3 el jefe de Estado.<\/p>\n\n\n\n<p>Reunido con los combatientes del 4 de febrero de 1992, explic\u00f3 que de esas ra\u00edces profundas de la historia de Venezuela, surge la ideolog\u00eda de los revolucionarios, cuyo sentir patriota no puede comprender el imperialismo norteamericano, ni Europa.<\/p>\n\n\n\n<p>\u201cLa visi\u00f3n colonialista sobre Am\u00e9rica Latina est\u00e1 viva, est\u00e1 cruda, toda esa gente, Josep Borrell, por ejemplo, que es como el canciller de la Uni\u00f3n Europea, su visi\u00f3n es colonialista, racista, Josep Borrell es un racista, es un colonialista, es un guerrerista y es un tipo supuestamente que viene de la izquierda. Toda esa gente tiene una visi\u00f3n nuestra colonialista, despreciativa. Nos ven por encima del hombro\u201d, manifest\u00f3.<\/p>\n\n\n\n<p><strong>La esperanza sigue en la calle<\/strong><\/p>\n\n\n\n<p>El presidente Maduro describi\u00f3 a la generaci\u00f3n fundadora de la Revoluci\u00f3n Bolivariana como virtuosa y llena de gloria, conformada por hombres y mujeres que hoy mantienen la esperanza en la calle.<\/p>\n\n\n\n<p>\u201cLa consigna del pueblo fue: La esperanza est\u00e1 en la calle, \u00bfles suena, verdad? Pues la esperanza sigue en la calle y ustedes \u00bfsaben cu\u00e1l es la esperanza? El pueblo rebelde de a pie, el pueblo valiente de a pie, el pueblo chavista de a pie, esa es la esperanza\u201d, recalc\u00f3.<\/p>\n\n\n\n<p>El mandatario nacional reiter\u00f3, como heredero del legado del Comandante Ch\u00e1vez y la generaci\u00f3n fundacional, que se mantiene viva la visi\u00f3n bolivariana para seguir enarbolando las banderas de la \u2018Causa de la Dignidad\u2019 de aquel 4 de febrero de 1992.<\/p>\n\n\n\n<p><strong>Prensa Presidencial \/ Rosiris Ortega Ortiz<\/strong><\/p>\n","protected":false},"excerpt":{"rendered":"<p>Municipio Sim\u00f3n Bol\u00edvar, estado Miranda.-&nbsp;La generaci\u00f3n fundacional de la Revoluci\u00f3n Bolivariana, integrada por los l\u00edderes de la rebeli\u00f3n c\u00edvico-militar del 4 de febrero de 1992, sent\u00f3 las bases del proyecto Bolivariano que hoy es gu\u00eda para la Patria. As\u00ed lo afirm\u00f3 el presidente de la Rep\u00fablica Bolivariana de Venezuela, Nicol\u00e1s Maduro, durante la conmemoraci\u00f3n del [&hellip;]<\/p>\n","protected":false},"author":4,"featured_media":9441,"comment_status":"open","ping_status":"open","sticky":false,"template":"","format":"standard","meta":{"footnotes":""},"categories":[18,7],"tags":[],"class_list":["post-9438","post","type-post","status-publish","format-standard","has-post-thumbnail","hentry","category-noticias-principales","category-notas-de-prensa"],"_links":{"self":[{"href":"https:\/\/prensapresidencialvenezuela.gob.ve\/index.php\/wp-json\/wp\/v2\/posts\/9438","targetHints":{"allow":["GET"]}}],"collection":[{"href":"https:\/\/prensapresidencialvenezuela.gob.ve\/index.php\/wp-json\/wp\/v2\/posts"}],"about":[{"href":"https:\/\/prensapresidencialvenezuela.gob.ve\/index.php\/wp-json\/wp\/v2\/types\/post"}],"author":[{"embeddable":true,"href":"https:\/\/prensapresidencialvenezuela.gob.ve\/index.php\/wp-json\/wp\/v2\/users\/4"}],"replies":[{"embeddable":true,"href":"https:\/\/prensapresidencialvenezuela.gob.ve\/index.php\/wp-json\/wp\/v2\/comments?post=9438"}],"version-history":[{"count":1,"href":"https:\/\/prensapresidencialvenezuela.gob.ve\/index.php\/wp-json\/wp\/v2\/posts\/9438\/revisions"}],"predecessor-version":[{"id":9443,"href":"https:\/\/prensapresidencialvenezuela.gob.ve\/index.php\/wp-json\/wp\/v2\/posts\/9438\/revisions\/9443"}],"wp:featuredmedia":[{"embeddable":true,"href":"https:\/\/prensapresidencialvenezuela.gob.ve\/index.php\/wp-json\/wp\/v2\/media\/9441"}],"wp:attachment":[{"href":"https:\/\/prensapresidencialvenezuela.gob.ve\/index.php\/wp-json\/wp\/v2\/media?parent=9438"}],"wp:term":[{"taxonomy":"category","embeddable":true,"href":"https:\/\/prensapresidencialvenezuela.gob.ve\/index.php\/wp-json\/wp\/v2\/categories?post=9438"},{"taxonomy":"post_tag","embeddable":true,"href":"https:\/\/prensapresidencialvenezuela.gob.ve\/index.php\/wp-json\/wp\/v2\/tags?post=9438"}],"curies":[{"name":"wp","href":"https:\/\/api.w.org\/{rel}","templated":true}]}}