{"id":9444,"date":"2024-03-26T18:58:00","date_gmt":"2024-03-26T22:58:00","guid":{"rendered":"http:\/\/172.27.0.121\/?p=9444"},"modified":"2024-04-15T19:00:17","modified_gmt":"2024-04-15T23:00:17","slug":"generacion-fundacional-bolivariana-cambio-la-historia-de-venezuela-con-ideas-y-propuestas","status":"publish","type":"post","link":"https:\/\/prensapresidencialvenezuela.gob.ve\/index.php\/2024\/03\/26\/generacion-fundacional-bolivariana-cambio-la-historia-de-venezuela-con-ideas-y-propuestas\/","title":{"rendered":"Generaci\u00f3n fundacional bolivariana cambi\u00f3 la historia de Venezuela con ideas y propuestas"},"content":{"rendered":"\n<p><strong>Municipio Sim\u00f3n Bol\u00edvar, estado Miranda.-&nbsp;<\/strong>Con un repaso de las bondades que ha demostrado la generaci\u00f3n fundacional bolivariana, luego de 30 a\u00f1os de la salida del Comandante Ch\u00e1vez de la C\u00e1rcel de la Dignidad, el presidente de la Rep\u00fablica Bolivariana de Venezuela, Nicol\u00e1s Maduro, enfatiz\u00f3 que con ideas y propuestas esa \u201cgeneraci\u00f3n fundacional bolivariana cambi\u00f3 la historia de Venezuela, la cambio por ahora y para siempre\u201d.<\/p>\n\n\n\n<p>Desde el municipio Sim\u00f3n Bol\u00edvar, ubicado en el estado Miranda, el Mandatario puso en relieve c\u00f3mo siempre fue subestimado el Movimiento Bolivariano, sin embargo, esto no evit\u00f3 que esta misma generaci\u00f3n viera c\u00f3mo resurgi\u00f3 el proyecto de Bol\u00edvar.<\/p>\n\n\n\n<p>\u201cSiempre nos subestimaron, siempre subestimaron a Ch\u00e1vez, al movimiento bolivariano, a la generaci\u00f3n bolivariana fundadora, siempre la subestimaron, pero, mira, con una idea, una estrategia, un proyecto, con una espiritualidad sincera, verdadera, sin marketing, con autenticidad\u201d, puntualiz\u00f3 al se\u00f1alar que se foment\u00f3 una generaci\u00f3n fuerte y que ha resistido.<\/p>\n\n\n\n<p>El presidente Nicol\u00e1s Maduro afirm\u00f3 que los protagonistas de esta generaci\u00f3n, tambi\u00e9n han sido testigos de c\u00f3mo este proyecto \u201cse hizo Patria, se hizo pueblo, se hizo Constituci\u00f3n, se hizo la nueva democracia, una nueva institucionalidad, y c\u00f3mo de tantos esfuerzos naci\u00f3 la nueva Fuerza Armada Nacional y Bolivariana unida, cohesionada, con una doctrina clara de todas esas luchas, de todas esas b\u00fasquedas, de toda esa resistencia, naci\u00f3 el poder militar de Venezuela que es decir hoy, en el siglo XXI, un Ej\u00e9rcito Libertador\u201d.<\/p>\n\n\n\n<p>Como parte de esta l\u00ednea de tiempo, el jefe de Estado venezolano subray\u00f3 que el poder militar es el que garantiza la integridad territorial, la uni\u00f3n de la Rep\u00fablica, la defensa de la democracia y las luchas antiimperialistas.<\/p>\n\n\n\n<p>En esta celebraci\u00f3n de los 30 a\u00f1os y evocaci\u00f3n de que la esperanza est\u00e1 en la calle, el Dignatario venezolano indic\u00f3 que han sido \u201c30 a\u00f1os renov\u00e1ndonos, actualiz\u00e1ndonos y venciendo cada coyuntura\u201d.<\/p>\n\n\n\n<p>\u201cNosotros nos hemos hecho del barro, de la dignidad de un pueblo, de su consciencia, su esp\u00edritu, de su rebeld\u00eda. Hemos rescatado el ideal m\u00e1s hermoso y precioso de la historia de la humanidad que es el ideal de Sim\u00f3n Bol\u00edvar, el Libertador de Am\u00e9rica para que le arda a los oligarcas, a los apellidos, donde est\u00e9n\u201d, expres\u00f3 el Mandatario.<\/p>\n\n\n\n<p>Acompa\u00f1aron al jefe de Estado en esta celebraci\u00f3n desde la C\u00e1rcel de la Dignidad, los soldados de Ch\u00e1vez, Gerardo M\u00e1rquez; Francisco Arias C\u00e1rdenas, Diosdado Cabello, Vladimir Padrino L\u00f3pez, Pedro Alastre L\u00f3pez, Wilmar Castro Soteldo, Lu\u00eds Reyes Reyes; as\u00ed tambi\u00e9n la Primera Combatiente de la Rep\u00fablica, Cilia Flores; y el presidente de la Asamblea Nacional (AN), Jorge Rodr\u00edguez.<\/p>\n\n\n\n<p><strong>Prensa Presidencial \/ Ana\u00eds P\u00e9rez<\/strong><\/p>\n","protected":false},"excerpt":{"rendered":"<p>Municipio Sim\u00f3n Bol\u00edvar, estado Miranda.-&nbsp;Con un repaso de las bondades que ha demostrado la generaci\u00f3n fundacional bolivariana, luego de 30 a\u00f1os de la salida del Comandante Ch\u00e1vez de la C\u00e1rcel de la Dignidad, el presidente de la Rep\u00fablica Bolivariana de Venezuela, Nicol\u00e1s Maduro, enfatiz\u00f3 que con ideas y propuestas esa \u201cgeneraci\u00f3n fundacional bolivariana cambi\u00f3 la [&hellip;]<\/p>\n","protected":false},"author":4,"featured_media":9447,"comment_status":"open","ping_status":"open","sticky":false,"template":"","format":"standard","meta":{"footnotes":""},"categories":[18,7],"tags":[],"class_list":["post-9444","post","type-post","status-publish","format-standard","has-post-thumbnail","hentry","category-noticias-principales","category-notas-de-prensa"],"_links":{"self":[{"href":"https:\/\/prensapresidencialvenezuela.gob.ve\/index.php\/wp-json\/wp\/v2\/posts\/9444","targetHints":{"allow":["GET"]}}],"collection":[{"href":"https:\/\/prensapresidencialvenezuela.gob.ve\/index.php\/wp-json\/wp\/v2\/posts"}],"about":[{"href":"https:\/\/prensapresidencialvenezuela.gob.ve\/index.php\/wp-json\/wp\/v2\/types\/post"}],"author":[{"embeddable":true,"href":"https:\/\/prensapresidencialvenezuela.gob.ve\/index.php\/wp-json\/wp\/v2\/users\/4"}],"replies":[{"embeddable":true,"href":"https:\/\/prensapresidencialvenezuela.gob.ve\/index.php\/wp-json\/wp\/v2\/comments?post=9444"}],"version-history":[{"count":1,"href":"https:\/\/prensapresidencialvenezuela.gob.ve\/index.php\/wp-json\/wp\/v2\/posts\/9444\/revisions"}],"predecessor-version":[{"id":9448,"href":"https:\/\/prensapresidencialvenezuela.gob.ve\/index.php\/wp-json\/wp\/v2\/posts\/9444\/revisions\/9448"}],"wp:featuredmedia":[{"embeddable":true,"href":"https:\/\/prensapresidencialvenezuela.gob.ve\/index.php\/wp-json\/wp\/v2\/media\/9447"}],"wp:attachment":[{"href":"https:\/\/prensapresidencialvenezuela.gob.ve\/index.php\/wp-json\/wp\/v2\/media?parent=9444"}],"wp:term":[{"taxonomy":"category","embeddable":true,"href":"https:\/\/prensapresidencialvenezuela.gob.ve\/index.php\/wp-json\/wp\/v2\/categories?post=9444"},{"taxonomy":"post_tag","embeddable":true,"href":"https:\/\/prensapresidencialvenezuela.gob.ve\/index.php\/wp-json\/wp\/v2\/tags?post=9444"}],"curies":[{"name":"wp","href":"https:\/\/api.w.org\/{rel}","templated":true}]}}