{"id":9446,"date":"2024-02-27T18:59:27","date_gmt":"2024-02-27T22:59:27","guid":{"rendered":"http:\/\/172.27.0.121\/?p=9446"},"modified":"2024-04-15T19:01:14","modified_gmt":"2024-04-15T23:01:14","slug":"movimientos-sociales-definen-propuestas-en-areas-estrategicas-para-fortalecer-la-gestion-publica","status":"publish","type":"post","link":"https:\/\/prensapresidencialvenezuela.gob.ve\/index.php\/2024\/02\/27\/movimientos-sociales-definen-propuestas-en-areas-estrategicas-para-fortalecer-la-gestion-publica\/","title":{"rendered":"Movimientos sociales definen propuestas en \u00e1reas estrat\u00e9gicas para fortalecer la gesti\u00f3n p\u00fablica"},"content":{"rendered":"\n<p><\/p>\n\n\n\n<p><strong>Parque Sim\u00f3n Bol\u00edvar, estado Miranda.- <\/strong>De las 63.000 asambleas de base sobre las Siete Transformaciones (7T), bajo el m\u00e9todo consulta, debate y acci\u00f3n, se desprenden iniciativas concretas destinadas a fortalecer la gesti\u00f3n p\u00fablica y, al mismo tiempo, favorecer la estabilidad nacional.<\/p>\n\n\n\n<p>En el seno del sector emprendedor, inscrito en la 1T sobre <em>econom\u00eda<\/em>, surgieron propuestas relacionadas con la modernizaci\u00f3n de la banca p\u00fablica y privada en funci\u00f3n de perfeccionar el sistema de financiamientos, abriendo el abanico a nuevos m\u00e9todos crediticios con \u201calternativas que nos permitan que todos tengan acceso a esos financiamientos, que nos permitan seguir desarrollando nuestras ideas de negocio\u201d, detall\u00f3 el delegado Jornel V\u00e9liz Pe\u00f1a.<\/p>\n\n\n\n<p>Otro elemento presente en la discusi\u00f3n est\u00e1 vinculado con la burocracia, enquistada en algunas instituciones p\u00fablicas y que \u201cnos dificulta seguir avanzando, seguir creciendo\u201d.<\/p>\n\n\n\n<p>Sobre los planteamientos de la 2T sobre la <em>independencia plena<\/em>, la bi\u00f3loga Carla Contreras puntualiz\u00f3 que, a partir del consenso de m\u00e1s de 1 mill\u00f3n de personas, se deline\u00f3 un mapa de prioridades que incluyen: rescate de la identidad nacional en escuelas y liceos; rescate del legado biocultural de nuestros saberes como pa\u00eds multi\u00e9tnico y multicultural; reconocimiento del territorio que incorpora a la Guayana Esequiba; y fortalecimiento de la industria nacional mediante el componente de innovaci\u00f3n, ciencia y tecnolog\u00eda para el desarrollo asociado a la Agenda Econ\u00f3mica Bolivariana.<\/p>\n\n\n\n<p>Asimismo, comprende profundizar los mecanismos de cooperaci\u00f3n internacional en materia de ciencia, tecnolog\u00eda e innovaci\u00f3n; promover en escuelas y liceos iniciativas de innovaci\u00f3n y desarrollo cient\u00edfico; ampliar la ciencia en el desarrollo agr\u00edcola; lanzar una estrategia de transformaci\u00f3n digital del Estado para lograr una interacci\u00f3n Estado-ciudadano m\u00e1s eficiente en todos los niveles; evaluar la implementaci\u00f3n de una c\u00e9dula digital que vincule el sistema de identidad, tr\u00e1nsito, salud y seguridad social para la simplificaci\u00f3n de tr\u00e1mites; profundizar el talento nacional a trav\u00e9s de los semilleros cient\u00edficos; e incentivar la participaci\u00f3n de mujeres y ni\u00f1as en la ciencia.<\/p>\n\n\n\n<p>Dentro de las propuestas de la 3T sobre la <em>paz, seguridad e integridad territorial<\/em>, se inserta el abordaje integral de las instituciones del Estado en la Guayana Esequiba; transformaci\u00f3n de la Fuerza Armada Nacional Bolivariana (FANB) en una estructura m\u00e1s pr\u00e1ctica y moderna que permita su empleo eficiente de acuerdo a los nuevos escenarios, desaf\u00edos y amenazas; mejorar el equipamiento de la FANB y organismos de seguridad ciudadana; y establecer el sistema de Cuadrantes de Paz en la Guayana Esequiba.<\/p>\n\n\n\n<p>En voz de la delegada Desiree Valer\u00f3n, integrante de la Milicia Bolivariana, se incorpora la creaci\u00f3n de modelos educativos de trabajo para privados de libertad; acercar el sistema de justicia a las comunidades con la presencia de Jueces de Paz; aprobar la Ley Org\u00e1nica del Sistema de Justicia para garantizar la celeridad procesa y la prevenci\u00f3n del delito, la convivencia pac\u00edfica y el respeto a los derechos humanos; e iniciar una consulta p\u00fablica del Plan Nacional de los Derechos Humanos.<\/p>\n\n\n\n<p>En el \u00e1mbito <em>social<\/em>, que corresponde a la 4T, la docente Lolibeth Garrido subray\u00f3 que se definen propuestas vinculadas con la garant\u00eda \u2013mediante las Brigadas Comunitarias Militares para la Educaci\u00f3n y la Salud (Bricomiles)- de insumos para escuelas, hospitales y comunidades; y construir nuevas canchas deportivas en las comunidades.<\/p>\n\n\n\n<p>Por otro lado, con la <em>pol\u00edtica<\/em> como epicentro, la vocera popular de la parroquia Ant\u00edmano, Yelitza Bernal, detall\u00f3 que \u2013dentro del debate de la 5T- destacan la necesidad de sumar a la juventud en el ejercicio del Poder Popular; reafirmar la dignidad de los pueblos; fortalecer el proyecto de las comunas como una bandera prioritaria de la sociedad econ\u00f3mica, las entidades pol\u00edticas y territoriales; y transformar los m\u00e9todos de trabajo de base para erradicar el burocratismo.<\/p>\n\n\n\n<p>La 6T sobre <em>ecolog\u00eda<\/em>, cuyas propuestas present\u00f3 la vocera del Movimiento Ecologista de Venezuela (EcoVen), Mar\u00eda Vizcarrondo, gira en torno a la necesidad de una nueva cultura ambiental donde la ecolog\u00eda sea una representaci\u00f3n de la venezolanidad; avanzar en temas jur\u00eddicos y penales, particularmente en legislaciones que condenen el ecocidio; evaluar la transferencia de competencias al Poder Popular para abordar la recolecci\u00f3n de desechos s\u00f3lidos, acompa\u00f1ado de un plan pedag\u00f3gico; y reducir la cantidad de material no org\u00e1nico y contaminante que termina en contenedores y cuerpos de agua.<\/p>\n\n\n\n<p>El objetivo primario de los planteamientos es tributar a la consolidaci\u00f3n de ciudades sostenibles, bajo una nueva concepci\u00f3n de los servicios p\u00fablicos con car\u00e1cter ecol\u00f3gico.<\/p>\n\n\n\n<p>Finalmente, la 7T relacionada con la <em>inserci\u00f3n y liderazgo de Venezuela en la nueva configuraci\u00f3n mundial<\/em>, parte de la detecci\u00f3n de nudos cr\u00edticos en el proceso de legalizaci\u00f3n de documentos, campa\u00f1as medi\u00e1ticas contra la realidad de Venezuela en la escena internacional y formaci\u00f3n ideol\u00f3gica.<\/p>\n\n\n\n<p>Al respecto, el docente de la Misi\u00f3n Sucre, Astery Paivain, perteneciente a la comunidad haitiana-venezolana, se\u00f1al\u00f3 la activaci\u00f3n de una Misi\u00f3n que \u201catienda las necesidades de los venezolanos que est\u00e1n en el exterior\u201d, acci\u00f3n que reforzar\u00e1 al Plan Vuelta a la Patria.<\/p>\n\n\n\n<p><strong>Prensa Presidencial \/ Karelis Gonz\u00e1lez<\/strong><\/p>\n","protected":false},"excerpt":{"rendered":"<p>Parque Sim\u00f3n Bol\u00edvar, estado Miranda.- De las 63.000 asambleas de base sobre las Siete Transformaciones (7T), bajo el m\u00e9todo consulta, debate y acci\u00f3n, se desprenden iniciativas concretas destinadas a fortalecer la gesti\u00f3n p\u00fablica y, al mismo tiempo, favorecer la estabilidad nacional. En el seno del sector emprendedor, inscrito en la 1T sobre econom\u00eda, surgieron propuestas [&hellip;]<\/p>\n","protected":false},"author":1,"featured_media":9450,"comment_status":"open","ping_status":"open","sticky":false,"template":"","format":"standard","meta":{"footnotes":""},"categories":[7],"tags":[],"class_list":["post-9446","post","type-post","status-publish","format-standard","has-post-thumbnail","hentry","category-notas-de-prensa"],"_links":{"self":[{"href":"https:\/\/prensapresidencialvenezuela.gob.ve\/index.php\/wp-json\/wp\/v2\/posts\/9446","targetHints":{"allow":["GET"]}}],"collection":[{"href":"https:\/\/prensapresidencialvenezuela.gob.ve\/index.php\/wp-json\/wp\/v2\/posts"}],"about":[{"href":"https:\/\/prensapresidencialvenezuela.gob.ve\/index.php\/wp-json\/wp\/v2\/types\/post"}],"author":[{"embeddable":true,"href":"https:\/\/prensapresidencialvenezuela.gob.ve\/index.php\/wp-json\/wp\/v2\/users\/1"}],"replies":[{"embeddable":true,"href":"https:\/\/prensapresidencialvenezuela.gob.ve\/index.php\/wp-json\/wp\/v2\/comments?post=9446"}],"version-history":[{"count":1,"href":"https:\/\/prensapresidencialvenezuela.gob.ve\/index.php\/wp-json\/wp\/v2\/posts\/9446\/revisions"}],"predecessor-version":[{"id":9451,"href":"https:\/\/prensapresidencialvenezuela.gob.ve\/index.php\/wp-json\/wp\/v2\/posts\/9446\/revisions\/9451"}],"wp:featuredmedia":[{"embeddable":true,"href":"https:\/\/prensapresidencialvenezuela.gob.ve\/index.php\/wp-json\/wp\/v2\/media\/9450"}],"wp:attachment":[{"href":"https:\/\/prensapresidencialvenezuela.gob.ve\/index.php\/wp-json\/wp\/v2\/media?parent=9446"}],"wp:term":[{"taxonomy":"category","embeddable":true,"href":"https:\/\/prensapresidencialvenezuela.gob.ve\/index.php\/wp-json\/wp\/v2\/categories?post=9446"},{"taxonomy":"post_tag","embeddable":true,"href":"https:\/\/prensapresidencialvenezuela.gob.ve\/index.php\/wp-json\/wp\/v2\/tags?post=9446"}],"curies":[{"name":"wp","href":"https:\/\/api.w.org\/{rel}","templated":true}]}}