{"id":9456,"date":"2024-03-26T19:02:00","date_gmt":"2024-03-26T23:02:00","guid":{"rendered":"http:\/\/172.27.0.121\/?p=9456"},"modified":"2024-04-15T19:03:36","modified_gmt":"2024-04-15T23:03:36","slug":"presidente-condena-silencio-complice-ante-planes-magnicidas-de-la-extrema-derecha","status":"publish","type":"post","link":"https:\/\/prensapresidencialvenezuela.gob.ve\/index.php\/2024\/03\/26\/presidente-condena-silencio-complice-ante-planes-magnicidas-de-la-extrema-derecha\/","title":{"rendered":"Presidente condena silencio c\u00f3mplice ante planes magnicidas de la extrema derecha"},"content":{"rendered":"\n<p><strong>Municipio Sim\u00f3n Bol\u00edvar, estado Miranda.-&nbsp;<\/strong>El presidente de la Rep\u00fablica, Nicol\u00e1s Maduro, conden\u00f3 el silencio c\u00f3mplice de algunos gobiernos ante los planes magnicidas de militantes del partido de extrema derecha Vente Venezuela, luego de que organismos de seguridad capturaran este lunes a dos sujetos armados que pretend\u00edan atentar contra su vida durante la movilizaci\u00f3n en respaldo a su candidatura presidencial<\/p>\n\n\n\n<p>Desde el municipio Sim\u00f3n Bol\u00edvar, ubicado en el estado Miranda,&nbsp; cuestion\u00f3 el doble rasero de \u00abgobiernos de derecha y de la izquierda cobarde\u00bb que, adoptando una posici\u00f3n injerencista, pretende entrometerse en los asuntos internos de Venezuela, pero no rechazar los intentos de golpe de Estado, ni las maniobras que atentan contra la paz nacional.<\/p>\n\n\n\n<p>\u00abEsos gobiernos que intentan inmiscuirse en los asuntos internos, que callan ante la realidad, no son capaces de decir una palabra condenando a los violentos\u00bb, sentenci\u00f3.<\/p>\n\n\n\n<p>Detall\u00f3 que en apenas 15 d\u00edas, los organismos de seguridad han&nbsp;capturado dos grupos que pretendieron, a trav\u00e9s de acciones desestabilizadoras y terroristas, asesinarlo en Matur\u00edn y en Caracas.<\/p>\n\n\n\n<p>\u201cEn quince d\u00edas hemos capturado a dos grupos, uno en Matur\u00edn y otro en Caracas, con planes de atentado personal. Los dos grupos est\u00e1n convictos y confesos, los dos est\u00e1n vinculados al grupo terrorista Vente Venezuela. El de ayer fue el m\u00e1s vulgar de todos\u201d, puntualiz\u00f3.<\/p>\n\n\n\n<p>Al referir las pruebas presentadas -m\u00e1s temprano- por el fiscal general de la&nbsp;Rep\u00fablica, Tarek William Saab, explic\u00f3 que&nbsp;se hallaron dos pistolas nueve mil\u00edmetros, \u201ccada uno ten\u00eda una pistola\u201d.<\/p>\n\n\n\n<p>Igualmente, se encontraron tel\u00e9fonos celulares con notas de voz, donde se evidencia c\u00f3mo pretend\u00edan ejecutar el atentado.<\/p>\n\n\n\n<p>\u201cEstuvieron a veinte metros de donde yo iba a estar \u00bfQui\u00e9n los descubri\u00f3? El pueblo, ah\u00ed est\u00e1 quien los descubri\u00f3, el pueblo que los vieron raros, los vieron nerviosos, los vieron tomando fotos de la tarima, de varios lugares de la tarima y mandando los mensajes. Los tel\u00e9fonos hablan, en los tel\u00e9fonos dejaron todas las notas de voz, todas las fotograf\u00edas, todas las pruebas\u201d, agreg\u00f3.<\/p>\n\n\n\n<p>Ante ello, el Dignatario llam\u00f3 al pueblo organizado y la Fuerza Armada Nacional Bolivariana (FANB) a mantenerse alerta para defender la paz.<\/p>\n\n\n\n<p>\u201cFuerza Armada, Poder Popular, movimientos populares, hombres y mujeres de a pie alerta\u201d, expres\u00f3 durante la conmemoraci\u00f3n del 30\u00b0 aniversario de la salida del Comandante Hugo Ch\u00e1vez de la C\u00e1rcel de la Dignidad, ocurrido el 26 de marzo de 1994.<\/p>\n\n\n\n<p>Enfatiz\u00f3 que \u201cestoy protegido por el pueblo de a pie\u201d, raz\u00f3n por la cual no dejar\u00e1 de recorrer las calles de Venezuela de cara a la victoria del domingo 28 de julio.<\/p>\n\n\n\n<p>\u201cNo nos van a sacar de las calles, seguimos en las calles porque vamos rumbo a una victoria hist\u00f3rica el 28 de julio. Justicia pedimos para que haya paz\u201d, sentenci\u00f3.<\/p>\n\n\n\n<p>Previamente, el fiscal general de la Rep\u00fablica, Tarek William Saab, detall\u00f3 que -este lunes- durante la concentraci\u00f3n en respaldo a la inscripci\u00f3n de la candidatura presidencial de Nicol\u00e1s Maduro, dos sujetos fueron detenidos portando armas de fuego a pocos metros de la tarima principal, dispuesta en las cercan\u00edas de la Plaza Diego Ibarra.<\/p>\n\n\n\n<p>Indic\u00f3 que, en las pr\u00f3ximas horas, ambos individuos ser\u00e1n presentados ante el respectivo Tribunal de Control y ser\u00e1n imputados por los delitos \u00abde&nbsp;terrorismo,&nbsp;&nbsp;asociaci\u00f3n; magnicidio en grado de tentativa; instigaci\u00f3n al odio y porte il\u00edcito de arma de fuego en lugares prohibidos\u00bb.<\/p>\n\n\n\n<p><strong>Prensa Presidencial \/ Rosiris Ortega Ortiz<\/strong><\/p>\n","protected":false},"excerpt":{"rendered":"<p>Municipio Sim\u00f3n Bol\u00edvar, estado Miranda.-&nbsp;El presidente de la Rep\u00fablica, Nicol\u00e1s Maduro, conden\u00f3 el silencio c\u00f3mplice de algunos gobiernos ante los planes magnicidas de militantes del partido de extrema derecha Vente Venezuela, luego de que organismos de seguridad capturaran este lunes a dos sujetos armados que pretend\u00edan atentar contra su vida durante la movilizaci\u00f3n en respaldo [&hellip;]<\/p>\n","protected":false},"author":4,"featured_media":9458,"comment_status":"open","ping_status":"open","sticky":false,"template":"","format":"standard","meta":{"footnotes":""},"categories":[18,7],"tags":[],"class_list":["post-9456","post","type-post","status-publish","format-standard","has-post-thumbnail","hentry","category-noticias-principales","category-notas-de-prensa"],"_links":{"self":[{"href":"https:\/\/prensapresidencialvenezuela.gob.ve\/index.php\/wp-json\/wp\/v2\/posts\/9456","targetHints":{"allow":["GET"]}}],"collection":[{"href":"https:\/\/prensapresidencialvenezuela.gob.ve\/index.php\/wp-json\/wp\/v2\/posts"}],"about":[{"href":"https:\/\/prensapresidencialvenezuela.gob.ve\/index.php\/wp-json\/wp\/v2\/types\/post"}],"author":[{"embeddable":true,"href":"https:\/\/prensapresidencialvenezuela.gob.ve\/index.php\/wp-json\/wp\/v2\/users\/4"}],"replies":[{"embeddable":true,"href":"https:\/\/prensapresidencialvenezuela.gob.ve\/index.php\/wp-json\/wp\/v2\/comments?post=9456"}],"version-history":[{"count":1,"href":"https:\/\/prensapresidencialvenezuela.gob.ve\/index.php\/wp-json\/wp\/v2\/posts\/9456\/revisions"}],"predecessor-version":[{"id":9459,"href":"https:\/\/prensapresidencialvenezuela.gob.ve\/index.php\/wp-json\/wp\/v2\/posts\/9456\/revisions\/9459"}],"wp:featuredmedia":[{"embeddable":true,"href":"https:\/\/prensapresidencialvenezuela.gob.ve\/index.php\/wp-json\/wp\/v2\/media\/9458"}],"wp:attachment":[{"href":"https:\/\/prensapresidencialvenezuela.gob.ve\/index.php\/wp-json\/wp\/v2\/media?parent=9456"}],"wp:term":[{"taxonomy":"category","embeddable":true,"href":"https:\/\/prensapresidencialvenezuela.gob.ve\/index.php\/wp-json\/wp\/v2\/categories?post=9456"},{"taxonomy":"post_tag","embeddable":true,"href":"https:\/\/prensapresidencialvenezuela.gob.ve\/index.php\/wp-json\/wp\/v2\/tags?post=9456"}],"curies":[{"name":"wp","href":"https:\/\/api.w.org\/{rel}","templated":true}]}}