{"id":9461,"date":"2024-02-28T19:04:01","date_gmt":"2024-02-28T23:04:01","guid":{"rendered":"http:\/\/172.27.0.121\/?p=9461"},"modified":"2024-04-15T19:05:32","modified_gmt":"2024-04-15T23:05:32","slug":"presidente-maduro-visita-empresa-el-tunal-en-lara","status":"publish","type":"post","link":"https:\/\/prensapresidencialvenezuela.gob.ve\/index.php\/2024\/02\/28\/presidente-maduro-visita-empresa-el-tunal-en-lara\/","title":{"rendered":"Presidente Maduro visita empresa El Tunal en Lara"},"content":{"rendered":"\n<p><\/p>\n\n\n\n<p><strong>Quibor, estado Lara.-<\/strong> Las instalaciones de la empresa privada Organizaci\u00f3n El Tunal, actualmente sumada a los debates de las 7 Transformaciones (7T), delineadas por el Gobierno Nacional, es visitada por el presidente de la Rep\u00fablica Bolivariana de Venezuela, Nicol\u00e1s Maduro, con el objeto de seguir afianzando el respaldo al sector privado y promoviendo el crecimiento econ\u00f3mico nacional.<\/p>\n\n\n\n<p>El Jefe de Estado pasa revista a la producci\u00f3n primaria y los productos terminados que est\u00e1n colocados en el mercado por esta empresa con 54 a\u00f1os de trayectoria.<\/p>\n\n\n\n<p>En m\u00e1s de cinco d\u00e9cadas, El Tunal ha producido hortalizas: cebolla (el de mayor trascendencia y volumen de la organizaci\u00f3n), hasta llegar, con el pasar de los a\u00f1os, a diversificar su trabajo en el \u00e1rea de producci\u00f3n animal, espec\u00edficamente producci\u00f3n de cerdo, huevos, leche, leche caprina y la producci\u00f3n de bovinos.<\/p>\n\n\n\n<p>En el contexto de la visita del Presidente a El Tunal, el encargado de la direcci\u00f3n principal de la organizaci\u00f3n, Luis Viscaya, valor\u00f3 la estad\u00eda del&nbsp; jefe de Estado en la empresa, al calificarla de muy positiva, porque \u201cesto es parte del desarrollo del pa\u00eds, esta alianza entre el Gobierno y la empresa privada, lo que permite que el pa\u00eds se siga desarrollando, sobre todo, en los rubros de producci\u00f3n primaria. Somos los productores un eslab\u00f3n importante en la producci\u00f3n de alimentos\u201d.<\/p>\n\n\n\n<p>Sobre el tema econ\u00f3mico, el presidente Maduro se pronunci\u00f3 este mi\u00e9rcoles, mas temprano, a trav\u00e9s de su cuenta de la red social X, @NicolasMaduro, donde escribi\u00f3 que \u201cVenezuela avanza en los frentes de trabajo, inversi\u00f3n, industria, comercio y emprendimiento. Es la nueva econom\u00eda real y productiva que estamos construyendo con nuestras propias manos. .\u00a1Nada, ni nadie nos detiene!.\u201d<\/p>\n\n\n\n<p>En enero de este a\u00f1o, el Mandatario Nacional lanz\u00f3 las 7 Transformaciones 2030, para garantizar que Venezuela se consolide como un pa\u00eds 100%&nbsp; recuperado, pr\u00f3spero, bienestar social y de igualdad.<\/p>\n\n\n\n<p>En esta l\u00ednea, la primera transformaci\u00f3n es econ\u00f3mica y se basa en la modernizaci\u00f3n de todos los m\u00e9todos y las t\u00e9cnicas de producci\u00f3n de riquezas nacionales, para fortalecer la diversificaci\u00f3n econ\u00f3mica, de cara a un nuevo modelo exportador en el que participen todas las fuerzas productivas del pa\u00eds.<\/p>\n\n\n\n<p>A la fecha, el Complejo Agroindustrial El Tunal cuenta con un total de 5 mil 200 empleados directos y 2 mil 500 empleados que se desempe\u00f1an en la producci\u00f3n primaria.<\/p>\n\n\n\n<p>La capacidad de orde\u00f1o de El Tunal es de 2 mil 600 vacas, para generar&nbsp; 25 litros de leche de vaca\/d\u00eda. En dicha producci\u00f3n, las razas empleadas son la Carora y Jersey; mientras que la producci\u00f3n total se leche es cercana a los 70 mil litros, lo que equivale a 2 millones 100 mil litros mensuales, generando anualmente 25 millones de litros de leche para el consumo humano.<\/p>\n\n\n\n<p>Con respecto a la producci\u00f3n porcina, la explotaci\u00f3n de cerdo es de 5 mil madres, con las cuales se garantiza una poblaci\u00f3n de 78 mil cerdos en inventario y una producci\u00f3n de 3 mil kilos por hembra \/a\u00f1o.<\/p>\n\n\n\n<p>Esta producci\u00f3n tiene como destino generar productos de embutidos y carne fresca para el consumo nacional.<\/p>\n\n\n\n<p>El Dignatario nacional est\u00e1 acompa\u00f1ado por la primera combatiente de la Republica, Cilia Flores; el gobernador de la entidad, Adolfo Pereira;\u00a0 y el ministro del Poder Popular para la Agricultura Productiva y Tierras, Wilmar Castro Soteldo.<\/p>\n\n\n\n<p><strong>Prensa Presidencial \/ Anais Perez<\/strong><\/p>\n","protected":false},"excerpt":{"rendered":"<p>Quibor, estado Lara.- Las instalaciones de la empresa privada Organizaci\u00f3n El Tunal, actualmente sumada a los debates de las 7 Transformaciones (7T), delineadas por el Gobierno Nacional, es visitada por el presidente de la Rep\u00fablica Bolivariana de Venezuela, Nicol\u00e1s Maduro, con el objeto de seguir afianzando el respaldo al sector privado y promoviendo el crecimiento [&hellip;]<\/p>\n","protected":false},"author":1,"featured_media":9465,"comment_status":"open","ping_status":"open","sticky":false,"template":"","format":"standard","meta":{"footnotes":""},"categories":[7],"tags":[],"class_list":["post-9461","post","type-post","status-publish","format-standard","has-post-thumbnail","hentry","category-notas-de-prensa"],"_links":{"self":[{"href":"https:\/\/prensapresidencialvenezuela.gob.ve\/index.php\/wp-json\/wp\/v2\/posts\/9461","targetHints":{"allow":["GET"]}}],"collection":[{"href":"https:\/\/prensapresidencialvenezuela.gob.ve\/index.php\/wp-json\/wp\/v2\/posts"}],"about":[{"href":"https:\/\/prensapresidencialvenezuela.gob.ve\/index.php\/wp-json\/wp\/v2\/types\/post"}],"author":[{"embeddable":true,"href":"https:\/\/prensapresidencialvenezuela.gob.ve\/index.php\/wp-json\/wp\/v2\/users\/1"}],"replies":[{"embeddable":true,"href":"https:\/\/prensapresidencialvenezuela.gob.ve\/index.php\/wp-json\/wp\/v2\/comments?post=9461"}],"version-history":[{"count":1,"href":"https:\/\/prensapresidencialvenezuela.gob.ve\/index.php\/wp-json\/wp\/v2\/posts\/9461\/revisions"}],"predecessor-version":[{"id":9466,"href":"https:\/\/prensapresidencialvenezuela.gob.ve\/index.php\/wp-json\/wp\/v2\/posts\/9461\/revisions\/9466"}],"wp:featuredmedia":[{"embeddable":true,"href":"https:\/\/prensapresidencialvenezuela.gob.ve\/index.php\/wp-json\/wp\/v2\/media\/9465"}],"wp:attachment":[{"href":"https:\/\/prensapresidencialvenezuela.gob.ve\/index.php\/wp-json\/wp\/v2\/media?parent=9461"}],"wp:term":[{"taxonomy":"category","embeddable":true,"href":"https:\/\/prensapresidencialvenezuela.gob.ve\/index.php\/wp-json\/wp\/v2\/categories?post=9461"},{"taxonomy":"post_tag","embeddable":true,"href":"https:\/\/prensapresidencialvenezuela.gob.ve\/index.php\/wp-json\/wp\/v2\/tags?post=9461"}],"curies":[{"name":"wp","href":"https:\/\/api.w.org\/{rel}","templated":true}]}}