{"id":9476,"date":"2024-02-28T19:08:00","date_gmt":"2024-02-28T23:08:00","guid":{"rendered":"http:\/\/172.27.0.121\/?p=9476"},"modified":"2024-04-15T19:09:04","modified_gmt":"2024-04-15T23:09:04","slug":"presidente-convoca-a-potenciar-la-venezuela-exportadora","status":"publish","type":"post","link":"https:\/\/prensapresidencialvenezuela.gob.ve\/index.php\/2024\/02\/28\/presidente-convoca-a-potenciar-la-venezuela-exportadora\/","title":{"rendered":"Presidente convoca a potenciar la Venezuela exportadora"},"content":{"rendered":"\n<p><\/p>\n\n\n\n<p><strong>Quibor, estado Lara.-<\/strong> Con el llamado al equipo del Gobierno Nacional en el \u00e1rea econ\u00f3mica, para que derriben cualquier obst\u00e1culo en el camino que impida que Venezuela se convierta en potencia exportadora, propuso el Presidente de la Rep\u00fablica Bolivariana de Venezuela, Nicol\u00e1s Maduro, durante la jornada de mi\u00e9rcoles Productivo que se realiz\u00f3 desde el Estado Lara&nbsp; junto a productores y productoras de la zona.<\/p>\n\n\n\n<p>\u201cDerrumben todas las alcabalas, toda la permisolog\u00eda, toda la burocracia, para que los productores de alimentos m\u00e1s temprano que tarde en un a\u00f1o, dos a\u00f1os, tres a\u00f1os nos estemos viendo la cara y estemos sonrientes, porque vamos a estar pr\u00f3speros y buchones exportando ingresando al pa\u00eds riqueza l\u00edquida para crecer aqu\u00ed\u201d.<\/p>\n\n\n\n<p>Redoblar esfuerzos es una de las estrategias para seguir potenciando al motor agroalimentario en el marco de las 7 Transformaciones.<\/p>\n\n\n\n<p>\u201cLes pido, sigamos produciendo, sigamos creciendo, pero la ventana de oportunidad que se le abre a Venezuela a nivel del primer motor agroalimentario en la ventana exportadora a construir la ruta exportadora, la ruta de la siete T\u201d. Afirm\u00f3 el dignatario.<\/p>\n\n\n\n<p>Al tiempo que destac\u00f3, la excelsa producci\u00f3n c\u00e1rnica que est\u00e1 desarrollando Venezuela con alimentos sanos, muy superiores a los que se ofrecen en Europa y Estados Unidos.<\/p>\n\n\n\n<p>\u201cLa calidad del alimento que se est\u00e1 produciendo en Venezuela le da diez patadas a todo el alimento que comen en Europa, en Estados Unidos y m\u00e1s all\u00e1 en calidad\u201d.<\/p>\n\n\n\n<p>Se\u00f1al\u00f3 que esta din\u00e1mica resulta atractiva en el circuito econ\u00f3mico venezolano que se viene fortaleciendo.<\/p>\n\n\n\n<p>\u201cPara traer la mejor tecnolog\u00eda y para pagar sus impuestos porque con los impuestos de ustedes vive un pa\u00eds completo, la educaci\u00f3n p\u00fablica, la salud p\u00fablica, la vivienda, los ingresos de los trabajadores, la seguridad social las grandes misiones, las misiones y tambi\u00e9n el cr\u00e9dito porque eso es plata circulante adentro\u201d. Dijo.<\/p>\n\n\n\n<p><strong>Producci\u00f3n agroalimentaria de excelencia a escala nacional<\/strong><\/p>\n\n\n\n<p>El Mandatario Nacional se comunic\u00f3 en un contacto directo con los productores de la agropecuaria La Rosaliera, en el sector La Monta\u00f1ita, parroquia Obispo y municipio del mismo nombre, en el Estado Barinas, en donde se mostr\u00f3 parte del potencial productivo y gen\u00e9tico que se desarrolla en la zona.<\/p>\n\n\n\n<p>Al cierre de los meses de enero y febrero se dio a conocer que se produjeron en Barinas:<\/p>\n\n\n\n<p>*76 mil 448 toneladas de alimentos.<\/p>\n\n\n\n<p>*En el rubro animal hubo un aporte de 4.033 en c\u00e1rnicos.<\/p>\n\n\n\n<p>*29 mil toneladas en derivados de animal.<\/p>\n\n\n\n<p>*43 mil de origen vegetal.<\/p>\n\n\n\n<p>En este sentido, el jefe de Estado orient\u00f3 el trabajo hacia los circuitos productivos como forma efectiva para seguir creciendo en materia agroalimentaria.<\/p>\n\n\n\n<p>\u201cConstruir circuitos productivos virtuosos y ah\u00ed en Barinas, coraz\u00f3n del Llano Occidental Venezolano, hay que construir esos circuitos productivos virtuosos, como lo so\u00f1\u00f3 el gran barin\u00e9s, nuestro comandante amado Hugo Ch\u00e1vez\u201d, apunt\u00f3.<\/p>\n\n\n\n<p><strong>Prensa Presidencial \/ Mar\u00eda Mercedes Noguera<\/strong><\/p>\n","protected":false},"excerpt":{"rendered":"<p>Quibor, estado Lara.- Con el llamado al equipo del Gobierno Nacional en el \u00e1rea econ\u00f3mica, para que derriben cualquier obst\u00e1culo en el camino que impida que Venezuela se convierta en potencia exportadora, propuso el Presidente de la Rep\u00fablica Bolivariana de Venezuela, Nicol\u00e1s Maduro, durante la jornada de mi\u00e9rcoles Productivo que se realiz\u00f3 desde el Estado [&hellip;]<\/p>\n","protected":false},"author":1,"featured_media":9477,"comment_status":"open","ping_status":"open","sticky":false,"template":"","format":"standard","meta":{"footnotes":""},"categories":[7],"tags":[],"class_list":["post-9476","post","type-post","status-publish","format-standard","has-post-thumbnail","hentry","category-notas-de-prensa"],"_links":{"self":[{"href":"https:\/\/prensapresidencialvenezuela.gob.ve\/index.php\/wp-json\/wp\/v2\/posts\/9476","targetHints":{"allow":["GET"]}}],"collection":[{"href":"https:\/\/prensapresidencialvenezuela.gob.ve\/index.php\/wp-json\/wp\/v2\/posts"}],"about":[{"href":"https:\/\/prensapresidencialvenezuela.gob.ve\/index.php\/wp-json\/wp\/v2\/types\/post"}],"author":[{"embeddable":true,"href":"https:\/\/prensapresidencialvenezuela.gob.ve\/index.php\/wp-json\/wp\/v2\/users\/1"}],"replies":[{"embeddable":true,"href":"https:\/\/prensapresidencialvenezuela.gob.ve\/index.php\/wp-json\/wp\/v2\/comments?post=9476"}],"version-history":[{"count":1,"href":"https:\/\/prensapresidencialvenezuela.gob.ve\/index.php\/wp-json\/wp\/v2\/posts\/9476\/revisions"}],"predecessor-version":[{"id":9478,"href":"https:\/\/prensapresidencialvenezuela.gob.ve\/index.php\/wp-json\/wp\/v2\/posts\/9476\/revisions\/9478"}],"wp:featuredmedia":[{"embeddable":true,"href":"https:\/\/prensapresidencialvenezuela.gob.ve\/index.php\/wp-json\/wp\/v2\/media\/9477"}],"wp:attachment":[{"href":"https:\/\/prensapresidencialvenezuela.gob.ve\/index.php\/wp-json\/wp\/v2\/media?parent=9476"}],"wp:term":[{"taxonomy":"category","embeddable":true,"href":"https:\/\/prensapresidencialvenezuela.gob.ve\/index.php\/wp-json\/wp\/v2\/categories?post=9476"},{"taxonomy":"post_tag","embeddable":true,"href":"https:\/\/prensapresidencialvenezuela.gob.ve\/index.php\/wp-json\/wp\/v2\/tags?post=9476"}],"curies":[{"name":"wp","href":"https:\/\/api.w.org\/{rel}","templated":true}]}}