{"id":9495,"date":"2024-04-01T19:12:39","date_gmt":"2024-04-01T23:12:39","guid":{"rendered":"http:\/\/172.27.0.121\/?p=9495"},"modified":"2024-04-15T19:14:53","modified_gmt":"2024-04-15T23:14:53","slug":"cese-al-genocidio-en-gaza-es-un-clamor-mundial","status":"publish","type":"post","link":"https:\/\/prensapresidencialvenezuela.gob.ve\/index.php\/2024\/04\/01\/cese-al-genocidio-en-gaza-es-un-clamor-mundial\/","title":{"rendered":"Cese al genocidio en Gaza es un clamor mundial"},"content":{"rendered":"\n<p><strong>Palacio de Miraflores, Caracas.- <\/strong>El alto al fuego en la Franja de Gaza es un clamor mundial, asever\u00f3 el presidente de la Rep\u00fablica, Nicol\u00e1s Maduro, al valorar positivamente la resoluci\u00f3n adoptada \u2013el 25 de marzo- por el Consejo de Seguridad de las Naciones Unidas que reclama el cese de las hostilidades, as\u00ed como la b\u00fasqueda de una soluci\u00f3n definitiva del conflicto.<\/p>\n\n\n\n<p>Durante el programa <em>Con Maduro+<\/em>, transmitido a trav\u00e9s de Venezolana de Televisi\u00f3n (VTV), puntualiz\u00f3 que, de acuerdo con una encuesta aplicada al pueblo jud\u00edo, 76% de los consultados est\u00e1 en contra del genocidio y aboga por \u201cuna soluci\u00f3n entre los dos Estados\u201d.<\/p>\n\n\n\n<p>\u201cEs un clamor mundial el cese al fuego, el cese al genocidio; es un clamor mundial de los cristianos, los musulmanes, los jud\u00edos y m\u00e1s temprano que tarde lo vamos a lograr\u201d, enfatiz\u00f3.<\/p>\n\n\n\n<p>Con 14 votos a favor, el Consejo de Seguridad de las Naciones Unidas exigi\u00f3 un alto al fuego inmediato en la Franja de Gaza, as\u00ed como la liberaci\u00f3n de los rehenes. Estados Unidos se abstuvo de la votaci\u00f3n.<\/p>\n\n\n\n<p>Desde el 7 de octubre, la cantidad de fallecidos por ataques sionistas en Gaza ascienden a 32.845, mientras que los heridos alcanza 75.392, conforme a los datos publicados por el Ministerio de Sanidad de Gaza, citado por la multiestatal <em>Telesur<\/em>.<\/p>\n\n\n\n<p>Solo en las \u00faltimas horas, se han contabilizado 63 muertos y 94 heridos. Precisamente, la mayor\u00eda de las v\u00edctimas de los ataques a\u00e9reos, la invasi\u00f3n terrestre y las masacres de civiles son mujeres y ni\u00f1os.<\/p>\n\n\n\n<p><strong>Prensa Presidencial \/ Karelis Gonz\u00e1lez<\/strong><\/p>\n","protected":false},"excerpt":{"rendered":"<p>Palacio de Miraflores, Caracas.- El alto al fuego en la Franja de Gaza es un clamor mundial, asever\u00f3 el presidente de la Rep\u00fablica, Nicol\u00e1s Maduro, al valorar positivamente la resoluci\u00f3n adoptada \u2013el 25 de marzo- por el Consejo de Seguridad de las Naciones Unidas que reclama el cese de las hostilidades, as\u00ed como la b\u00fasqueda [&hellip;]<\/p>\n","protected":false},"author":4,"featured_media":9502,"comment_status":"open","ping_status":"open","sticky":false,"template":"","format":"standard","meta":{"footnotes":""},"categories":[18,7],"tags":[],"class_list":["post-9495","post","type-post","status-publish","format-standard","has-post-thumbnail","hentry","category-noticias-principales","category-notas-de-prensa"],"_links":{"self":[{"href":"https:\/\/prensapresidencialvenezuela.gob.ve\/index.php\/wp-json\/wp\/v2\/posts\/9495","targetHints":{"allow":["GET"]}}],"collection":[{"href":"https:\/\/prensapresidencialvenezuela.gob.ve\/index.php\/wp-json\/wp\/v2\/posts"}],"about":[{"href":"https:\/\/prensapresidencialvenezuela.gob.ve\/index.php\/wp-json\/wp\/v2\/types\/post"}],"author":[{"embeddable":true,"href":"https:\/\/prensapresidencialvenezuela.gob.ve\/index.php\/wp-json\/wp\/v2\/users\/4"}],"replies":[{"embeddable":true,"href":"https:\/\/prensapresidencialvenezuela.gob.ve\/index.php\/wp-json\/wp\/v2\/comments?post=9495"}],"version-history":[{"count":1,"href":"https:\/\/prensapresidencialvenezuela.gob.ve\/index.php\/wp-json\/wp\/v2\/posts\/9495\/revisions"}],"predecessor-version":[{"id":9504,"href":"https:\/\/prensapresidencialvenezuela.gob.ve\/index.php\/wp-json\/wp\/v2\/posts\/9495\/revisions\/9504"}],"wp:featuredmedia":[{"embeddable":true,"href":"https:\/\/prensapresidencialvenezuela.gob.ve\/index.php\/wp-json\/wp\/v2\/media\/9502"}],"wp:attachment":[{"href":"https:\/\/prensapresidencialvenezuela.gob.ve\/index.php\/wp-json\/wp\/v2\/media?parent=9495"}],"wp:term":[{"taxonomy":"category","embeddable":true,"href":"https:\/\/prensapresidencialvenezuela.gob.ve\/index.php\/wp-json\/wp\/v2\/categories?post=9495"},{"taxonomy":"post_tag","embeddable":true,"href":"https:\/\/prensapresidencialvenezuela.gob.ve\/index.php\/wp-json\/wp\/v2\/tags?post=9495"}],"curies":[{"name":"wp","href":"https:\/\/api.w.org\/{rel}","templated":true}]}}