{"id":9508,"date":"2024-02-29T19:15:28","date_gmt":"2024-02-29T23:15:28","guid":{"rendered":"http:\/\/172.27.0.121\/?p=9508"},"modified":"2024-04-15T19:16:25","modified_gmt":"2024-04-15T23:16:25","slug":"presidente-maduro-hace-20-anos-el-comandante-chavez-prendio-una-antorcha-para-el-futuro","status":"publish","type":"post","link":"https:\/\/prensapresidencialvenezuela.gob.ve\/index.php\/2024\/02\/29\/presidente-maduro-hace-20-anos-el-comandante-chavez-prendio-una-antorcha-para-el-futuro\/","title":{"rendered":"Presidente Maduro: Hace 20 a\u00f1os el Comandante Ch\u00e1vez prendi\u00f3 una antorcha para el futuro"},"content":{"rendered":"\n<p><strong>Autopista Gran Cacique Guaicaipuro, Distrito Capital.-<\/strong> A prop\u00f3sito de cumplirse los 20 a\u00f1os del Discurso y Declaratoria Antiimperialista del Comandante Hugo Ch\u00e1vez, el presidente de la Rep\u00fablica Bolivariana de Venezuela, Nicol\u00e1s Maduro, destac\u00f3 este momento hist\u00f3rico como un legado que contin\u00faa vigente siendo luz para el futuro.&nbsp;<\/p>\n\n\n\n<p>\u201cHace 20 a\u00f1os estuvimos aqu\u00ed y el Comandante Ch\u00e1vez prendi\u00f3 una antorcha para el futuro. Dos d\u00edas antes, el 27 de febrero, el criminal y asesino de Leopoldo L\u00f3pez y la extrema derecha pitiyanki, hab\u00edan decretado la primera guarimba que conoc\u00edamos para entonces. Hab\u00edan llenado de violencia parte de las calles de la Gran Caracas y algunas ciudades; y dec\u00edan que har\u00edan una insurrecci\u00f3n hasta que Ch\u00e1vez se fuera, 27 y 28 de febrero, y qu\u00e9 hizo Ch\u00e1vez, qu\u00e9 hizo la Revoluci\u00f3n, convoc\u00f3 y convocamos al pueblo a las calles aquel 29 de febrero, s\u00e1bado bendito, a\u00f1o bisiesto del 2004\u201d, enfatiz\u00f3 el jefe de Estado en cadena nacional de radio y televisi\u00f3n.&nbsp;<\/p>\n\n\n\n<p>Record\u00f3 que en 2004 ya el Gobierno de Estados Unidos (EE.UU.) amenazaba con la Organizaci\u00f3n de Estados Americanos (OEA), aplicar la Carta Interamericana para invadir a Venezuela.<\/p>\n\n\n\n<p>Para reiterar el discurso del l\u00edder de la Revoluci\u00f3n Bolivariana, el 29 de febrero de 2004, el Presidente transmiti\u00f3 el video de aquel d\u00eda hist\u00f3rico, en el que Ch\u00e1vez manifest\u00f3 que \u201caqu\u00ed no vendr\u00e1 OEA, ni nadie, aqu\u00ed lo que hay es un pueblo libre y una patria soberana. Est\u00e1n muy equivocados los que aqu\u00ed est\u00e1n haciendo planes\u201d.<\/p>\n\n\n\n<p>Finalmente, el Dignatario nacional recalc\u00f3 que \u201cpara nosotros Ch\u00e1vez est\u00e1 vivo, Ch\u00e1vez est\u00e1 presente, Ch\u00e1vez est\u00e1 vigente y su legado va con nosotros\u201d.<\/p>\n\n\n\n<p>En la inmensa movilizaci\u00f3n del pueblo venezolano en la ciudad capital, para conmemorar los 20 a\u00f1os de esta Declaratoria Antiimperialista, acompa\u00f1an al Presidente las principales autoridades ministeriales de la naci\u00f3n, el Alto Mando Militar de la Fuerza Armada Nacional Bolivariana (FANB), y el poder popular organizado proveniente desde diversos estados del pa\u00eds.<\/p>\n\n\n\n<p><strong>Prensa Presidencial \/ Rosiris Ortega Ortiz<\/strong><\/p>\n","protected":false},"excerpt":{"rendered":"<p>Autopista Gran Cacique Guaicaipuro, Distrito Capital.- A prop\u00f3sito de cumplirse los 20 a\u00f1os del Discurso y Declaratoria Antiimperialista del Comandante Hugo Ch\u00e1vez, el presidente de la Rep\u00fablica Bolivariana de Venezuela, Nicol\u00e1s Maduro, destac\u00f3 este momento hist\u00f3rico como un legado que contin\u00faa vigente siendo luz para el futuro.&nbsp; \u201cHace 20 a\u00f1os estuvimos aqu\u00ed y el Comandante [&hellip;]<\/p>\n","protected":false},"author":1,"featured_media":9514,"comment_status":"open","ping_status":"open","sticky":false,"template":"","format":"standard","meta":{"footnotes":""},"categories":[7],"tags":[],"class_list":["post-9508","post","type-post","status-publish","format-standard","has-post-thumbnail","hentry","category-notas-de-prensa"],"_links":{"self":[{"href":"https:\/\/prensapresidencialvenezuela.gob.ve\/index.php\/wp-json\/wp\/v2\/posts\/9508","targetHints":{"allow":["GET"]}}],"collection":[{"href":"https:\/\/prensapresidencialvenezuela.gob.ve\/index.php\/wp-json\/wp\/v2\/posts"}],"about":[{"href":"https:\/\/prensapresidencialvenezuela.gob.ve\/index.php\/wp-json\/wp\/v2\/types\/post"}],"author":[{"embeddable":true,"href":"https:\/\/prensapresidencialvenezuela.gob.ve\/index.php\/wp-json\/wp\/v2\/users\/1"}],"replies":[{"embeddable":true,"href":"https:\/\/prensapresidencialvenezuela.gob.ve\/index.php\/wp-json\/wp\/v2\/comments?post=9508"}],"version-history":[{"count":1,"href":"https:\/\/prensapresidencialvenezuela.gob.ve\/index.php\/wp-json\/wp\/v2\/posts\/9508\/revisions"}],"predecessor-version":[{"id":9515,"href":"https:\/\/prensapresidencialvenezuela.gob.ve\/index.php\/wp-json\/wp\/v2\/posts\/9508\/revisions\/9515"}],"wp:featuredmedia":[{"embeddable":true,"href":"https:\/\/prensapresidencialvenezuela.gob.ve\/index.php\/wp-json\/wp\/v2\/media\/9514"}],"wp:attachment":[{"href":"https:\/\/prensapresidencialvenezuela.gob.ve\/index.php\/wp-json\/wp\/v2\/media?parent=9508"}],"wp:term":[{"taxonomy":"category","embeddable":true,"href":"https:\/\/prensapresidencialvenezuela.gob.ve\/index.php\/wp-json\/wp\/v2\/categories?post=9508"},{"taxonomy":"post_tag","embeddable":true,"href":"https:\/\/prensapresidencialvenezuela.gob.ve\/index.php\/wp-json\/wp\/v2\/tags?post=9508"}],"curies":[{"name":"wp","href":"https:\/\/api.w.org\/{rel}","templated":true}]}}