{"id":9513,"date":"2024-04-01T19:16:07","date_gmt":"2024-04-01T23:16:07","guid":{"rendered":"http:\/\/172.27.0.121\/?p=9513"},"modified":"2024-04-15T19:17:18","modified_gmt":"2024-04-15T23:17:18","slug":"grupos-financiados-por-ee-uu-convierten-a-criminales-en-heroes","status":"publish","type":"post","link":"https:\/\/prensapresidencialvenezuela.gob.ve\/index.php\/2024\/04\/01\/grupos-financiados-por-ee-uu-convierten-a-criminales-en-heroes\/","title":{"rendered":"Grupos financiados por EE.UU. convierten a criminales en h\u00e9roes"},"content":{"rendered":"\n<p><strong>Palacio de Miraflores, Caracas.- <\/strong>Al se\u00f1alar la captura de dos sujetos armados que pretend\u00edan ejecutar atentados en su contra, el presidente de la Rep\u00fablica, Nicol\u00e1s Maduro, denunci\u00f3 que grupos financiados por Estados Unidos (EE.UU.), particularmente Organizaciones No Gubernamentales, convierten a criminales en \u201cperseguidos pol\u00edticos\u201d a trav\u00e9s de matrices de opini\u00f3n difundas en redes sociales.<\/p>\n\n\n\n<p>\u201c(\u2026) Los convierten en las redes, todos esos grupos como Provea, financiados por los Estados Unidos, en perseguidos pol\u00edticos, h\u00e9roes\u201d, puntualiz\u00f3 en alusi\u00f3n a los detenidos por su vinculaci\u00f3n en planes magnicidas detectados en Matur\u00edn y Caracas, que ser\u00edan perpetrados por personas diagnosticadas con enfermedades de salud mental.<\/p>\n\n\n\n<p>En particular, el Jefe de Estado se refiri\u00f3 a uno de los detenidos \u2013el lunes 25 de marzo- en la Plaza Diego Ibarra, diagnosticado con sociopat\u00eda de acuerdo al estudio \u201cde varios grupos de psiquiatras\u201d e integrante del partido de extrema derecha Vente Venezuela. Sobre esto, apunt\u00f3 que \u201cle inventaron un pasado\u201d relacion\u00e1ndolo, incluso, con el chavismo.<\/p>\n\n\n\n<p>\u201cEn su tel\u00e9fono tiene una cantidad de audios y videos, donde dec\u00eda: <em>No me importa morir. Yo voy<\/em> (\u2026) Despu\u00e9s, inventaron una historia de que el soci\u00f3pata era familia de Diosdado (Cabello), lo invent\u00f3 una pr\u00f3fuga de la justicia venezolana, Sebastiana B\u00e1rraez, protegida de \u00c1lvaro Uribe V\u00e9lez; le inventaron un pasado. Ellos preparan el crimen y preparan la mentira, preparan el cuento para echarle la culpa a Diosdado, as\u00ed act\u00faa el imperialismo\u201d, explic\u00f3 durante el programa <em>Con Maduro+<\/em>, transmitido a trav\u00e9s de Venezolana de Televisi\u00f3n (VTV).<\/p>\n\n\n\n<p>En tanto, el presidente de la Asamblea Nacional (AN), Jorge Rodr\u00edguez, puntualiz\u00f3 que el uso de personas con trastorno paranoide de la personalidad es una pr\u00e1ctica de la Agencia Central de Inteligencia (CIA, por sus siglas en ingl\u00e9s) para la ejecuci\u00f3n de atentados y creaci\u00f3n de escenarios de conmoci\u00f3n en la sociedad.<\/p>\n\n\n\n<p>\u201c(\u2026) Para llevar al pa\u00eds al escenario de Hait\u00ed o llevar al pa\u00eds al escenario que llevaron a Libia, primero crearon el enfrentamiento interno, la conmoci\u00f3n interna y luego 60.000 bombardeos sobre Libia. \u00bfY c\u00f3mo est\u00e1 Hait\u00ed? \u00bfC\u00f3mo est\u00e1 Libia? Pero no lo permitimos y no lo permitiremos jam\u00e1s\u201d, apunt\u00f3 el Jefe de Estado al recalcar que \u201ctenemos la fuerza, el poder, la capacidad para que Venezuela siga en paz\u201d.<\/p>\n\n\n\n<p>El mandatario venezolano puntualiz\u00f3 que factores internos pretenden utilizar el proceso de libertades del pa\u00eds, la democracia \u201cpara tratar de acumular alguna fuerza que no tienen, para tratar de organizar algunos grupos\u201d con el \u00fanico objetivo de justificar una escalada de violencia, como la sucedida en los a\u00f1os 2002, 2004, 2014 y 2017.<\/p>\n\n\n\n<p>\u201cNo pudieron ni podr\u00e1n. No te vistas, que no vas; aqu\u00ed lo que habr\u00e1 es paz\u201d, asever\u00f3.<\/p>\n\n\n\n<p><strong>Prensa Presidencial \/ Karelis Gonz\u00e1lez<\/strong><\/p>\n","protected":false},"excerpt":{"rendered":"<p>Palacio de Miraflores, Caracas.- Al se\u00f1alar la captura de dos sujetos armados que pretend\u00edan ejecutar atentados en su contra, el presidente de la Rep\u00fablica, Nicol\u00e1s Maduro, denunci\u00f3 que grupos financiados por Estados Unidos (EE.UU.), particularmente Organizaciones No Gubernamentales, convierten a criminales en \u201cperseguidos pol\u00edticos\u201d a trav\u00e9s de matrices de opini\u00f3n difundas en redes sociales. \u201c(\u2026) [&hellip;]<\/p>\n","protected":false},"author":4,"featured_media":9517,"comment_status":"open","ping_status":"open","sticky":false,"template":"","format":"standard","meta":{"footnotes":""},"categories":[18,7],"tags":[],"class_list":["post-9513","post","type-post","status-publish","format-standard","has-post-thumbnail","hentry","category-noticias-principales","category-notas-de-prensa"],"_links":{"self":[{"href":"https:\/\/prensapresidencialvenezuela.gob.ve\/index.php\/wp-json\/wp\/v2\/posts\/9513","targetHints":{"allow":["GET"]}}],"collection":[{"href":"https:\/\/prensapresidencialvenezuela.gob.ve\/index.php\/wp-json\/wp\/v2\/posts"}],"about":[{"href":"https:\/\/prensapresidencialvenezuela.gob.ve\/index.php\/wp-json\/wp\/v2\/types\/post"}],"author":[{"embeddable":true,"href":"https:\/\/prensapresidencialvenezuela.gob.ve\/index.php\/wp-json\/wp\/v2\/users\/4"}],"replies":[{"embeddable":true,"href":"https:\/\/prensapresidencialvenezuela.gob.ve\/index.php\/wp-json\/wp\/v2\/comments?post=9513"}],"version-history":[{"count":1,"href":"https:\/\/prensapresidencialvenezuela.gob.ve\/index.php\/wp-json\/wp\/v2\/posts\/9513\/revisions"}],"predecessor-version":[{"id":9519,"href":"https:\/\/prensapresidencialvenezuela.gob.ve\/index.php\/wp-json\/wp\/v2\/posts\/9513\/revisions\/9519"}],"wp:featuredmedia":[{"embeddable":true,"href":"https:\/\/prensapresidencialvenezuela.gob.ve\/index.php\/wp-json\/wp\/v2\/media\/9517"}],"wp:attachment":[{"href":"https:\/\/prensapresidencialvenezuela.gob.ve\/index.php\/wp-json\/wp\/v2\/media?parent=9513"}],"wp:term":[{"taxonomy":"category","embeddable":true,"href":"https:\/\/prensapresidencialvenezuela.gob.ve\/index.php\/wp-json\/wp\/v2\/categories?post=9513"},{"taxonomy":"post_tag","embeddable":true,"href":"https:\/\/prensapresidencialvenezuela.gob.ve\/index.php\/wp-json\/wp\/v2\/tags?post=9513"}],"curies":[{"name":"wp","href":"https:\/\/api.w.org\/{rel}","templated":true}]}}