{"id":9531,"date":"2024-04-01T19:23:15","date_gmt":"2024-04-01T23:23:15","guid":{"rendered":"http:\/\/172.27.0.121\/?p=9531"},"modified":"2024-04-15T19:24:17","modified_gmt":"2024-04-15T23:24:17","slug":"mas-de-2-000-artistas-se-presentaron-en-el-iii-festival-internacional-de-teatro-progresista","status":"publish","type":"post","link":"https:\/\/prensapresidencialvenezuela.gob.ve\/index.php\/2024\/04\/01\/mas-de-2-000-artistas-se-presentaron-en-el-iii-festival-internacional-de-teatro-progresista\/","title":{"rendered":"M\u00e1s de 2.000 artistas se presentaron en el III Festival Internacional de Teatro Progresista"},"content":{"rendered":"\n<p><strong>Palacio de Miraflores, Caracas.-<\/strong> Venezuela fue escenario del III Festival Internacional de Teatro Progresista (FITP) 2024 que reuni\u00f3 a colectivos art\u00edsticos de 21 pa\u00edses invitados y m\u00e1s de 800 funciones art\u00edsticas.<\/p>\n\n\n\n<p>El festival se realiz\u00f3 desde el 21 hasta el 31 de marzo y tuvo como invitado de honor a Cuba, con su gran patrimonio en materia de artes esc\u00e9nicas.<\/p>\n\n\n\n<p>Asimismo, en esta edici\u00f3n el FITP&nbsp;se cont\u00f3 con la presencia de agrupaciones de Argentina, Barbados, Bolivia, Brasil, Chile, China, Colombia, Cuba, Ecuador, El Congo, Espa\u00f1a, India, Italia, M\u00e9xico, Palestina, Rep\u00fablica Dominicana, Rusia, San Vicente y Granadinas, Sud\u00e1frica, T\u00fanez y Uruguay, y Venezuela.<\/p>\n\n\n\n<p>Durante el programa&nbsp;<em>Con Maduro+<\/em>, transmitido a trav\u00e9s de Venezolana de Televisi\u00f3n (VTV), el presidente de la Rep\u00fablica, Nicol\u00e1s Maduro, exalt\u00f3 la cita donde m\u00e1s de 2.000 artistas se presentaron de forma simult\u00e1nea. \u201cEs un gran logro, el teatro, porque ha logrado unir la literatura, la poes\u00eda y todas las formas de expresi\u00f3n est\u00e9tica\u201d, destac\u00f3.<\/p>\n\n\n\n<p>El III Festival Internacional de Teatro Progresista rindi\u00f3 homenaje igualmente a artistas como Aura Rivas y Julieta Hern\u00e1ndez y&nbsp;el tema central del festival&nbsp;estuvo alrededor de la libertad, el pensamiento cr\u00edtico, la protecci\u00f3n al planeta Tierra, la identidad e igualdad de g\u00e9nero, la paz, la autodeterminaci\u00f3n de los pueblos, violencia de g\u00e9nero, el poder, importancia del teatro, los efectos de la guerra, el racismo, teatro pol\u00edtico e hist\u00f3rico, entre otros.<\/p>\n\n\n\n<p>El Mandatario nacional resalt\u00f3 la representaci\u00f3n cultural de la Revoluci\u00f3n Bolivariana y &nbsp;la forma en la que se&nbsp;han unido&nbsp;lazos de hermandad en este terreno con otras naciones del mundo.<\/p>\n\n\n\n<p><strong>Prensa Presidencial<\/strong><\/p>\n","protected":false},"excerpt":{"rendered":"<p>Palacio de Miraflores, Caracas.- Venezuela fue escenario del III Festival Internacional de Teatro Progresista (FITP) 2024 que reuni\u00f3 a colectivos art\u00edsticos de 21 pa\u00edses invitados y m\u00e1s de 800 funciones art\u00edsticas. El festival se realiz\u00f3 desde el 21 hasta el 31 de marzo y tuvo como invitado de honor a Cuba, con su gran patrimonio [&hellip;]<\/p>\n","protected":false},"author":4,"featured_media":9532,"comment_status":"open","ping_status":"open","sticky":false,"template":"","format":"standard","meta":{"footnotes":""},"categories":[18,7],"tags":[],"class_list":["post-9531","post","type-post","status-publish","format-standard","has-post-thumbnail","hentry","category-noticias-principales","category-notas-de-prensa"],"_links":{"self":[{"href":"https:\/\/prensapresidencialvenezuela.gob.ve\/index.php\/wp-json\/wp\/v2\/posts\/9531","targetHints":{"allow":["GET"]}}],"collection":[{"href":"https:\/\/prensapresidencialvenezuela.gob.ve\/index.php\/wp-json\/wp\/v2\/posts"}],"about":[{"href":"https:\/\/prensapresidencialvenezuela.gob.ve\/index.php\/wp-json\/wp\/v2\/types\/post"}],"author":[{"embeddable":true,"href":"https:\/\/prensapresidencialvenezuela.gob.ve\/index.php\/wp-json\/wp\/v2\/users\/4"}],"replies":[{"embeddable":true,"href":"https:\/\/prensapresidencialvenezuela.gob.ve\/index.php\/wp-json\/wp\/v2\/comments?post=9531"}],"version-history":[{"count":1,"href":"https:\/\/prensapresidencialvenezuela.gob.ve\/index.php\/wp-json\/wp\/v2\/posts\/9531\/revisions"}],"predecessor-version":[{"id":9533,"href":"https:\/\/prensapresidencialvenezuela.gob.ve\/index.php\/wp-json\/wp\/v2\/posts\/9531\/revisions\/9533"}],"wp:featuredmedia":[{"embeddable":true,"href":"https:\/\/prensapresidencialvenezuela.gob.ve\/index.php\/wp-json\/wp\/v2\/media\/9532"}],"wp:attachment":[{"href":"https:\/\/prensapresidencialvenezuela.gob.ve\/index.php\/wp-json\/wp\/v2\/media?parent=9531"}],"wp:term":[{"taxonomy":"category","embeddable":true,"href":"https:\/\/prensapresidencialvenezuela.gob.ve\/index.php\/wp-json\/wp\/v2\/categories?post=9531"},{"taxonomy":"post_tag","embeddable":true,"href":"https:\/\/prensapresidencialvenezuela.gob.ve\/index.php\/wp-json\/wp\/v2\/tags?post=9531"}],"curies":[{"name":"wp","href":"https:\/\/api.w.org\/{rel}","templated":true}]}}