{"id":9556,"date":"2024-04-03T19:44:19","date_gmt":"2024-04-03T23:44:19","guid":{"rendered":"http:\/\/172.27.0.121\/?p=9556"},"modified":"2024-04-15T19:47:03","modified_gmt":"2024-04-15T23:47:03","slug":"en-claves-conozca-lo-que-establece-la-ley-organica-para-la-defensa-del-esequibo","status":"publish","type":"post","link":"https:\/\/prensapresidencialvenezuela.gob.ve\/index.php\/2024\/04\/03\/en-claves-conozca-lo-que-establece-la-ley-organica-para-la-defensa-del-esequibo\/","title":{"rendered":"En Claves | Conozca lo que establece la Ley Org\u00e1nica para la Defensa del Esequibo"},"content":{"rendered":"\n<p><strong>Palacio Federal Legislativo, Caracas.- <\/strong>Este mi\u00e9rcoles, el presidente de la Rep\u00fablica Bolivariana de Venezuela, Nicol\u00e1s Maduro, promulg\u00f3 la nueva Ley Org\u00e1nica para la Defensa del Esequibo.<\/p>\n\n\n\n<p>Este ordenamiento jur\u00eddico establece el mandato del pueblo consultado el pasado 3 de diciembre de 2023, en el refer\u00e9ndum consultivo para la recuperaci\u00f3n de los derechos de Venezuela, sobre el territorio del <a><\/a>Esequibo, y se constituyen as\u00ed:<\/p>\n\n\n\n<p>1.- La Ley Org\u00e1nica consta de treinta y nueve (39) art\u00edculos distribuidos en seis (6) cap\u00edtulos y cuatro (4) disposiciones transitorias.<\/p>\n\n\n\n<p>2.- Se ratifica de manera clara, inexorable y contundente el car\u00e1cter \u00edrrito del Laudo Arbitral de 1899.<\/p>\n\n\n\n<p>3.- Se ratifica el Acuerdo de Ginebra de 1966 como \u00fanico instrumento jur\u00eddico v\u00e1lido para alcanzar una soluci\u00f3n pr\u00e1ctica y mutuamente aceptable en relaci\u00f3n con la controversia sobre el territorio de la Guayana Esequiba.<\/p>\n\n\n\n<p>4.- Reafirma la posici\u00f3n hist\u00f3rica de Venezuela de no reconocer a la Corte Internacional de Justicia (CIJ) para dirimir en la controversia sobre la Guayana Esequiba.<\/p>\n\n\n\n<p>5.- Establece la creaci\u00f3n del estado n\u00famero 24, el estado de la Guayana Esequiba dentro de la pol\u00edtica territorial de la Rep\u00fablica Bolivariana de Venezuela.<\/p>\n\n\n\n<p>6.- Regula el funcionamiento de los poderes p\u00fablicos nacionales, regionales y locales en el estado nuevo de la Guayana Esequiba.<\/p>\n\n\n\n<p>7.- Se otorga a la poblaci\u00f3n de la Guayana Esequiba una justa representaci\u00f3n en la pr\u00f3xima Asamblea Nacional (AN) a ser electa en el a\u00f1o 2025, con un diputado o diputada.<\/p>\n\n\n\n<p>8.- Establece la disposici\u00f3n y conformaci\u00f3n de una Alta Comisi\u00f3n del Estado y del pa\u00eds para la defensa de la Guayana Esequiba.<\/p>\n\n\n\n<p>9.- Proh\u00edbe la publicaci\u00f3n del mapa pol\u00edtico de la Rep\u00fablica Bolivariana de Venezuela, sin la incorporaci\u00f3n del territorio de la Guayana Esequiba.<\/p>\n\n\n\n<p>10.- Proh\u00edbe optar a cargos de elecci\u00f3n popular o de acceso a cargos p\u00fablicos a aquellas personas que hayan adoptado o que adopten conductas que directa o indirectamente favorezcan o respalden la posici\u00f3n de despojo de la Rep\u00fablica Cooperativa de Guyana, de su gobierno, de las transnacionales como la ExxonMobil.<\/p>\n\n\n\n<p>11.- Faculta al presidente de la Rep\u00fablica Bolivariana de Venezuela, para prohibir la celebraci\u00f3n de contratos o acuerdos con personas jur\u00eddicas que se encuentren operando o colaboren con la operaci\u00f3n en territorio terrestre de la Guayana Esequiba, o en las aguas por delimitar.<\/p>\n\n\n\n<p>12.- Establece la obligaci\u00f3n de dise\u00f1ar un plan especial para la protecci\u00f3n y el desarrollo de la poblaci\u00f3n actual y futura del territorio de la Guayana Esequiba.<\/p>\n\n\n\n<p>13.- Establece la creaci\u00f3n de Unidades Administrativas Especializadas dentro de los \u00f3rganos y entes con competencia en materia petrolera, minera e industrial.<\/p>\n\n\n\n<p><strong>Prensa Presidencial \/ Rosiris Ortega Ortiz<\/strong><\/p>\n","protected":false},"excerpt":{"rendered":"<p>Palacio Federal Legislativo, Caracas.- Este mi\u00e9rcoles, el presidente de la Rep\u00fablica Bolivariana de Venezuela, Nicol\u00e1s Maduro, promulg\u00f3 la nueva Ley Org\u00e1nica para la Defensa del Esequibo. Este ordenamiento jur\u00eddico establece el mandato del pueblo consultado el pasado 3 de diciembre de 2023, en el refer\u00e9ndum consultivo para la recuperaci\u00f3n de los derechos de Venezuela, sobre [&hellip;]<\/p>\n","protected":false},"author":4,"featured_media":9557,"comment_status":"open","ping_status":"open","sticky":false,"template":"","format":"standard","meta":{"footnotes":""},"categories":[18,7],"tags":[],"class_list":["post-9556","post","type-post","status-publish","format-standard","has-post-thumbnail","hentry","category-noticias-principales","category-notas-de-prensa"],"_links":{"self":[{"href":"https:\/\/prensapresidencialvenezuela.gob.ve\/index.php\/wp-json\/wp\/v2\/posts\/9556","targetHints":{"allow":["GET"]}}],"collection":[{"href":"https:\/\/prensapresidencialvenezuela.gob.ve\/index.php\/wp-json\/wp\/v2\/posts"}],"about":[{"href":"https:\/\/prensapresidencialvenezuela.gob.ve\/index.php\/wp-json\/wp\/v2\/types\/post"}],"author":[{"embeddable":true,"href":"https:\/\/prensapresidencialvenezuela.gob.ve\/index.php\/wp-json\/wp\/v2\/users\/4"}],"replies":[{"embeddable":true,"href":"https:\/\/prensapresidencialvenezuela.gob.ve\/index.php\/wp-json\/wp\/v2\/comments?post=9556"}],"version-history":[{"count":1,"href":"https:\/\/prensapresidencialvenezuela.gob.ve\/index.php\/wp-json\/wp\/v2\/posts\/9556\/revisions"}],"predecessor-version":[{"id":9558,"href":"https:\/\/prensapresidencialvenezuela.gob.ve\/index.php\/wp-json\/wp\/v2\/posts\/9556\/revisions\/9558"}],"wp:featuredmedia":[{"embeddable":true,"href":"https:\/\/prensapresidencialvenezuela.gob.ve\/index.php\/wp-json\/wp\/v2\/media\/9557"}],"wp:attachment":[{"href":"https:\/\/prensapresidencialvenezuela.gob.ve\/index.php\/wp-json\/wp\/v2\/media?parent=9556"}],"wp:term":[{"taxonomy":"category","embeddable":true,"href":"https:\/\/prensapresidencialvenezuela.gob.ve\/index.php\/wp-json\/wp\/v2\/categories?post=9556"},{"taxonomy":"post_tag","embeddable":true,"href":"https:\/\/prensapresidencialvenezuela.gob.ve\/index.php\/wp-json\/wp\/v2\/tags?post=9556"}],"curies":[{"name":"wp","href":"https:\/\/api.w.org\/{rel}","templated":true}]}}