{"id":9573,"date":"2024-04-04T20:02:12","date_gmt":"2024-04-05T00:02:12","guid":{"rendered":"http:\/\/172.27.0.121\/?p=9573"},"modified":"2024-04-15T20:06:54","modified_gmt":"2024-04-16T00:06:54","slug":"rafael-lacava-formara-parte-del-comando-de-campana-del-presidente-maduro","status":"publish","type":"post","link":"https:\/\/prensapresidencialvenezuela.gob.ve\/index.php\/2024\/04\/04\/rafael-lacava-formara-parte-del-comando-de-campana-del-presidente-maduro\/","title":{"rendered":"Rafael Lacava formar\u00e1 parte del Comando de Campa\u00f1a del presidente Maduro"},"content":{"rendered":"\n<p><strong>Estadio Monumental \u201cSim\u00f3n Bol\u00edvar\u201d, Caracas.-<\/strong> En el contexto de la d\u00e9cima emisi\u00f3n del \u201cMaduro Podcast\u201d, el presidente de la Rep\u00fablica, Nicol\u00e1s Maduro, propuso al gobernador del estado Carabobo formar parte de los miembros principales del Comando de Campa\u00f1a de cara a las elecciones presidenciales del pr\u00f3ximo 28 de julio.<\/p>\n\n\n\n<p>\u201cYo quiero que ahora que estamos en esta onda armando los equipos de campa\u00f1a, yo quiero <a><\/a>Lacava que t\u00fa le pidas permiso al pueblo de Carabobo, para que t\u00fa seas uno de los voceros principales y miembro del comando de campa\u00f1a victorioso para el 28 de julio, es una propuesta que te hago aqu\u00ed p\u00fablicamente\u201d, expres\u00f3.<\/p>\n\n\n\n<p>En respuesta a la solicitud, el l\u00edder regional acept\u00f3 asumir esta nueva batalla.<\/p>\n\n\n\n<p>\u201cSer\u00eda un privilegio y un honor para m\u00ed y yo s\u00e9 que nuestra gente de Carabobo entiende la importancia de esta nueva tarea que usted me est\u00e1 dando\u201d, contest\u00f3.<\/p>\n\n\n\n<p>Agreg\u00f3 que frente al modelo imperial desgastado del norte, Venezuela \u201cest\u00e1 condenado al \u00e9xito\u201d y esto se ve reflejado en la recuperaci\u00f3n paulatina que experimenta la naci\u00f3n luego de las dificultades por las que ha atravesado en los \u00faltimos a\u00f1os.<\/p>\n\n\n\n<p>\u201cUsted nos ha marcado el camino en estos tiempos que hemos pasado de grand\u00edsimas dificultades, y estoy convencido que nuestro futuro va a ser un futuro glorioso. Venezuela va a estar enmarcada en los pr\u00f3ximos a\u00f1os al centro de la geopol\u00edtica mundial, y va a ser un pa\u00eds fundamental para ese mundo multipolar que todos nosotros anhelamos. Ese mundo unipolar que insisten los gringos en materializar est\u00e1 feneciendo, es un modelo desgastado que no logra darle soluciones a nadie\u201d, augur\u00f3.<\/p>\n\n\n\n<p><strong>Prensa Presidencial \/ Karla Cotoret<\/strong><\/p>\n","protected":false},"excerpt":{"rendered":"<p>Estadio Monumental \u201cSim\u00f3n Bol\u00edvar\u201d, Caracas.- En el contexto de la d\u00e9cima emisi\u00f3n del \u201cMaduro Podcast\u201d, el presidente de la Rep\u00fablica, Nicol\u00e1s Maduro, propuso al gobernador del estado Carabobo formar parte de los miembros principales del Comando de Campa\u00f1a de cara a las elecciones presidenciales del pr\u00f3ximo 28 de julio. \u201cYo quiero que ahora que estamos [&hellip;]<\/p>\n","protected":false},"author":4,"featured_media":9577,"comment_status":"open","ping_status":"open","sticky":false,"template":"","format":"standard","meta":{"footnotes":""},"categories":[18,7],"tags":[],"class_list":["post-9573","post","type-post","status-publish","format-standard","has-post-thumbnail","hentry","category-noticias-principales","category-notas-de-prensa"],"_links":{"self":[{"href":"https:\/\/prensapresidencialvenezuela.gob.ve\/index.php\/wp-json\/wp\/v2\/posts\/9573","targetHints":{"allow":["GET"]}}],"collection":[{"href":"https:\/\/prensapresidencialvenezuela.gob.ve\/index.php\/wp-json\/wp\/v2\/posts"}],"about":[{"href":"https:\/\/prensapresidencialvenezuela.gob.ve\/index.php\/wp-json\/wp\/v2\/types\/post"}],"author":[{"embeddable":true,"href":"https:\/\/prensapresidencialvenezuela.gob.ve\/index.php\/wp-json\/wp\/v2\/users\/4"}],"replies":[{"embeddable":true,"href":"https:\/\/prensapresidencialvenezuela.gob.ve\/index.php\/wp-json\/wp\/v2\/comments?post=9573"}],"version-history":[{"count":1,"href":"https:\/\/prensapresidencialvenezuela.gob.ve\/index.php\/wp-json\/wp\/v2\/posts\/9573\/revisions"}],"predecessor-version":[{"id":9575,"href":"https:\/\/prensapresidencialvenezuela.gob.ve\/index.php\/wp-json\/wp\/v2\/posts\/9573\/revisions\/9575"}],"wp:featuredmedia":[{"embeddable":true,"href":"https:\/\/prensapresidencialvenezuela.gob.ve\/index.php\/wp-json\/wp\/v2\/media\/9577"}],"wp:attachment":[{"href":"https:\/\/prensapresidencialvenezuela.gob.ve\/index.php\/wp-json\/wp\/v2\/media?parent=9573"}],"wp:term":[{"taxonomy":"category","embeddable":true,"href":"https:\/\/prensapresidencialvenezuela.gob.ve\/index.php\/wp-json\/wp\/v2\/categories?post=9573"},{"taxonomy":"post_tag","embeddable":true,"href":"https:\/\/prensapresidencialvenezuela.gob.ve\/index.php\/wp-json\/wp\/v2\/tags?post=9573"}],"curies":[{"name":"wp","href":"https:\/\/api.w.org\/{rel}","templated":true}]}}