{"id":9593,"date":"2024-04-05T07:50:41","date_gmt":"2024-04-05T11:50:41","guid":{"rendered":"http:\/\/172.27.0.121\/?p=9593"},"modified":"2024-04-16T07:53:11","modified_gmt":"2024-04-16T11:53:11","slug":"nuevos-medicos-integrales-comunitarios-tendran-acceso-inmediato-a-estudios-de-especializacion","status":"publish","type":"post","link":"https:\/\/prensapresidencialvenezuela.gob.ve\/index.php\/2024\/04\/05\/nuevos-medicos-integrales-comunitarios-tendran-acceso-inmediato-a-estudios-de-especializacion\/","title":{"rendered":"Nuevos M\u00e9dicos Integrales Comunitarios tendr\u00e1n acceso inmediato a estudios de especializaci\u00f3n"},"content":{"rendered":"\n<p><strong>Plaza Bicentenario, Caracas.-<\/strong> El presidente de la Rep\u00fablica, Nicol\u00e1s Maduro, orden\u00f3 el acceso inmediato a estudios de especializaci\u00f3n para 1.357 m\u00e9dicos y m\u00e9dicas integrales comunitarios graduados este viernes, de la Universidad de las Ciencias de la Salud \u00abHugo Ch\u00e1vez Fr\u00edas\u00bb.<\/p>\n\n\n\n<p>Durante el acto de entrega de t\u00edtulos y medallas, los nuevos doctores y doctoras de la Patria, el jefe de <a><\/a>Estado, reiter\u00f3 el compromiso de la Revoluci\u00f3n Bolivariana en garantizar espacios de formaci\u00f3n para el sector salud.<\/p>\n\n\n\n<p>\u201cA los 1.357 m\u00e9dicos y m\u00e9dicas graduados hoy, me les garantizan a todos y todas su acceso inmediato a sus estudios de especializaci\u00f3n, a sus estudios de superaci\u00f3n lo que ellos elijan dentro de las prioridades, cardi\u00f3logos, pediatras, ginecobstetras, traumat\u00f3logos, anestesi\u00f3logos, psiquiatras\u201d, precis\u00f3.<\/p>\n\n\n\n<p>Adem\u00e1s, encarg\u00f3 a la ministra del Poder Popular para la Salud, Magaly Guti\u00e9rrez, otorgar el cargo fijo en el Sistema de Salud P\u00fablico, de manera inmediata a cada uno de los m\u00e9dicos y m\u00e9dicas graduados este d\u00eda.<\/p>\n\n\n\n<p>Igualmente, inform\u00f3 que se entregar\u00e1 un bono especial a los m\u00e1s de 1.300 nuevos profesionales de la salud en Venezuela.<\/p>\n\n\n\n<p>Sumado a esta serie de beneficios, el Mandatario nacional, acord\u00f3 la entrega de viviendas a cada m\u00e9dico y m\u00e9dica a trav\u00e9s de la Gran Misi\u00f3n Vivienda Venezuela (GMVV).<\/p>\n\n\n\n<p>El presidente Maduro jurament\u00f3 de manera simult\u00e1nea a la nueva generaci\u00f3n de m\u00e9dicos y m\u00e9dicas integrales comunitarios en los estados Zulia, Anzo\u00e1tegui y Lara.<\/p>\n\n\n\n<p>Agreg\u00f3 que de los 1.357 graduandos, el 70% est\u00e1 representado por mujeres; el 30% por hombres; 13 embarazadas y 35 m\u00e9dicos de los pueblos ind\u00edgenas.<\/p>\n\n\n\n<p><strong>Prensa Presidencial \/ Rosiris Ortega Ortiz<\/strong><\/p>\n","protected":false},"excerpt":{"rendered":"<p>Plaza Bicentenario, Caracas.- El presidente de la Rep\u00fablica, Nicol\u00e1s Maduro, orden\u00f3 el acceso inmediato a estudios de especializaci\u00f3n para 1.357 m\u00e9dicos y m\u00e9dicas integrales comunitarios graduados este viernes, de la Universidad de las Ciencias de la Salud \u00abHugo Ch\u00e1vez Fr\u00edas\u00bb. Durante el acto de entrega de t\u00edtulos y medallas, los nuevos doctores y doctoras de [&hellip;]<\/p>\n","protected":false},"author":4,"featured_media":9594,"comment_status":"open","ping_status":"open","sticky":false,"template":"","format":"standard","meta":{"footnotes":""},"categories":[18,7],"tags":[],"class_list":["post-9593","post","type-post","status-publish","format-standard","has-post-thumbnail","hentry","category-noticias-principales","category-notas-de-prensa"],"_links":{"self":[{"href":"https:\/\/prensapresidencialvenezuela.gob.ve\/index.php\/wp-json\/wp\/v2\/posts\/9593","targetHints":{"allow":["GET"]}}],"collection":[{"href":"https:\/\/prensapresidencialvenezuela.gob.ve\/index.php\/wp-json\/wp\/v2\/posts"}],"about":[{"href":"https:\/\/prensapresidencialvenezuela.gob.ve\/index.php\/wp-json\/wp\/v2\/types\/post"}],"author":[{"embeddable":true,"href":"https:\/\/prensapresidencialvenezuela.gob.ve\/index.php\/wp-json\/wp\/v2\/users\/4"}],"replies":[{"embeddable":true,"href":"https:\/\/prensapresidencialvenezuela.gob.ve\/index.php\/wp-json\/wp\/v2\/comments?post=9593"}],"version-history":[{"count":1,"href":"https:\/\/prensapresidencialvenezuela.gob.ve\/index.php\/wp-json\/wp\/v2\/posts\/9593\/revisions"}],"predecessor-version":[{"id":9595,"href":"https:\/\/prensapresidencialvenezuela.gob.ve\/index.php\/wp-json\/wp\/v2\/posts\/9593\/revisions\/9595"}],"wp:featuredmedia":[{"embeddable":true,"href":"https:\/\/prensapresidencialvenezuela.gob.ve\/index.php\/wp-json\/wp\/v2\/media\/9594"}],"wp:attachment":[{"href":"https:\/\/prensapresidencialvenezuela.gob.ve\/index.php\/wp-json\/wp\/v2\/media?parent=9593"}],"wp:term":[{"taxonomy":"category","embeddable":true,"href":"https:\/\/prensapresidencialvenezuela.gob.ve\/index.php\/wp-json\/wp\/v2\/categories?post=9593"},{"taxonomy":"post_tag","embeddable":true,"href":"https:\/\/prensapresidencialvenezuela.gob.ve\/index.php\/wp-json\/wp\/v2\/tags?post=9593"}],"curies":[{"name":"wp","href":"https:\/\/api.w.org\/{rel}","templated":true}]}}