{"id":96,"date":"2022-03-22T20:41:00","date_gmt":"2022-03-22T20:41:00","guid":{"rendered":"http:\/\/10.0.0.92\/?p=96"},"modified":"2022-05-11T16:58:56","modified_gmt":"2022-05-11T16:58:56","slug":"instituto-nacional-de-recursos-hidraulicos-de-cuba-convoca-a-evento-internacional-cubagua-2023","status":"publish","type":"post","link":"https:\/\/prensapresidencialvenezuela.gob.ve\/index.php\/2022\/03\/22\/instituto-nacional-de-recursos-hidraulicos-de-cuba-convoca-a-evento-internacional-cubagua-2023\/","title":{"rendered":"Instituto Nacional de Recursos Hidr\u00e1ulicos de Cuba convoca a evento internacional Cubagua 2023"},"content":{"rendered":"<p>El Instituto Nacional de Recursos Hidr\u00e1ulicos de Cuba (INRH) convoc\u00f3 este martes a la realizaci\u00f3n del evento internacional Cubagua2023, del 22 al 25 de marzo del pr\u00f3ximo a\u00f1o que tendr\u00e1 a Francia como pa\u00eds invitado especial.<\/p>\n<p>Esta edici\u00f3n la cuarta de la cita tiene como principales tem\u00e1ticas la gobernanza del agua y la administraci\u00f3n municipal de este recurso y de las cuencas hidrogr\u00e1ficas.<\/p>\n<p>Una exposici\u00f3n de tecnolog\u00edas y productos asociados al sector, un simposio t\u00e9cnico comercial y el decimoctavo Congreso Internacional de Ingenier\u00eda Hidr\u00e1ulica tendr\u00e1n lugar como parte del programa, refiere el portal Prensa Latina.<\/p>\n<p>De acuerdo con los organizadores, Cubagua 2023 pretende potenciar los objetivos de desarrollo sostenible, para lo cual contar\u00e1 con un formato h\u00edbrido y el recinto ferial Pabexpo en ciudad de La Habana la cual ser\u00e1 la sede de la modalidad presencial.<\/p>\n<p>En este sentido, el presidente del INRH Antonio Rodr\u00edguez agradeci\u00f3 a los representantes del cuerpo diplom\u00e1tico acreditado en el pa\u00eds, empresarios extranjeros y entidades nacionales presentes en el acto de convocatoria y los exhort\u00f3 a aumentar la cooperaci\u00f3n entre pa\u00edses y estrechar las relaciones.<\/p>\n<p>El evento abordar\u00e1 el tratamiento y potabilizaci\u00f3n del agua, su plan de uso, la automatizaci\u00f3n y control de los servicios de abasto, la calidad del l\u00edquido, la reutilizaci\u00f3n y reciclaje, adem\u00e1s de la protecci\u00f3n de humedales y ecosistemas, dijo en la presentaci\u00f3n el director de relaciones internacionales y colaboraci\u00f3n del INRH, Ferm\u00edn Sarduy.<\/p>\n<p>EL\/CP<\/p>\n","protected":false},"excerpt":{"rendered":"<p>El Instituto Nacional de Recursos Hidr\u00e1ulicos de Cuba (INRH) convoc\u00f3 este martes a la realizaci\u00f3n del evento internacional Cubagua2023, del 22 al 25 de marzo del pr\u00f3ximo a\u00f1o que tendr\u00e1 a Francia como pa\u00eds invitado especial. Esta edici\u00f3n la cuarta de la cita tiene como principales tem\u00e1ticas la gobernanza del agua y la administraci\u00f3n municipal [&hellip;]<\/p>\n","protected":false},"author":1,"featured_media":0,"comment_status":"closed","ping_status":"open","sticky":false,"template":"","format":"standard","meta":{"footnotes":""},"categories":[7],"tags":[],"class_list":["post-96","post","type-post","status-publish","format-standard","hentry","category-notas-de-prensa"],"_links":{"self":[{"href":"https:\/\/prensapresidencialvenezuela.gob.ve\/index.php\/wp-json\/wp\/v2\/posts\/96","targetHints":{"allow":["GET"]}}],"collection":[{"href":"https:\/\/prensapresidencialvenezuela.gob.ve\/index.php\/wp-json\/wp\/v2\/posts"}],"about":[{"href":"https:\/\/prensapresidencialvenezuela.gob.ve\/index.php\/wp-json\/wp\/v2\/types\/post"}],"author":[{"embeddable":true,"href":"https:\/\/prensapresidencialvenezuela.gob.ve\/index.php\/wp-json\/wp\/v2\/users\/1"}],"replies":[{"embeddable":true,"href":"https:\/\/prensapresidencialvenezuela.gob.ve\/index.php\/wp-json\/wp\/v2\/comments?post=96"}],"version-history":[{"count":1,"href":"https:\/\/prensapresidencialvenezuela.gob.ve\/index.php\/wp-json\/wp\/v2\/posts\/96\/revisions"}],"predecessor-version":[{"id":98,"href":"https:\/\/prensapresidencialvenezuela.gob.ve\/index.php\/wp-json\/wp\/v2\/posts\/96\/revisions\/98"}],"wp:attachment":[{"href":"https:\/\/prensapresidencialvenezuela.gob.ve\/index.php\/wp-json\/wp\/v2\/media?parent=96"}],"wp:term":[{"taxonomy":"category","embeddable":true,"href":"https:\/\/prensapresidencialvenezuela.gob.ve\/index.php\/wp-json\/wp\/v2\/categories?post=96"},{"taxonomy":"post_tag","embeddable":true,"href":"https:\/\/prensapresidencialvenezuela.gob.ve\/index.php\/wp-json\/wp\/v2\/tags?post=96"}],"curies":[{"name":"wp","href":"https:\/\/api.w.org\/{rel}","templated":true}]}}