{"id":9605,"date":"2024-04-06T07:59:07","date_gmt":"2024-04-06T11:59:07","guid":{"rendered":"http:\/\/172.27.0.121\/?p=9605"},"modified":"2024-04-16T08:02:33","modified_gmt":"2024-04-16T12:02:33","slug":"venezuela-condena-violacion-del-derecho-internacional-en-la-embajada-mexicana-en-ecuador","status":"publish","type":"post","link":"https:\/\/prensapresidencialvenezuela.gob.ve\/index.php\/2024\/04\/06\/venezuela-condena-violacion-del-derecho-internacional-en-la-embajada-mexicana-en-ecuador\/","title":{"rendered":"Venezuela condena violaci\u00f3n del Derecho Internacional en la embajada mexicana en Ecuador"},"content":{"rendered":"\n<p><strong>Palacio de Miraflores, Caracas.-<\/strong> Venezuela conden\u00f3 la invasi\u00f3n de la embajada de M\u00e9xico en Quito, por parte del gobierno ecuatoriano, hecho ocurridoa noche del viernes 05 de abril.<\/p>\n\n\n\n<p>En este sentido, el presidente de la Rep\u00fablica Bolivariana de Venezuela, Nicol\u00e1s Maduro Moros, conden\u00f3 la violaci\u00f3n del Derecho Internacional de la embajada mexicana, por parte de las fuerzas policiales de <a><\/a>Ecuador para secuestrar al exvicepresidente Jorge Glas, a quien se le hab\u00eda concedido asilo pol\u00edtico.<\/p>\n\n\n\n<p>El Mandatario nacional, denunci\u00f3 a trav\u00e9s de un mensaje en la red social X que este hecho \u201ces un acto de barbarie, algo nunca visto en Am\u00e9rica Latina, el gobierno de derecha pro yankee de Ecuador viol\u00f3 brutalmente el Derecho Internacional, asaltando la Embajada de M\u00e9xico en Ecuador y secuestrando a un asilado pol\u00edtico, as\u00ed reconocido por el gobierno mexicano\u201d.<\/p>\n\n\n\n<p>Asimismo, destac\u00f3 que \u201cVenezuela alza su voz contundentemente para rechazar este acto fascista contra el Derecho Internacional y expresa su plena y absoluta solidaridad al presidente, @lopezobrador_ y al pueblo de M\u00e9xico\u201d.<\/p>\n\n\n\n<p>Por su parte, un comunicado del gobierno mexicano inform\u00f3 la suspensi\u00f3n de las relaciones diplom\u00e1ticas con Ecuador, al tiempo que calific\u00f3 como \u201cins\u00f3lito, inadmisible e indignante\u201d la violaci\u00f3n de la Embajada del pa\u00eds por parte del gobierno ecuatoriano.<\/p>\n\n\n\n<p>\u201cSe trata de una violaci\u00f3n flagrante al derecho internacional y a la soberan\u00eda de M\u00e9xico\u201d, asegur\u00f3 el mandatario L\u00f3pez Obrador.<\/p>\n\n\n\n<p>La noche de este viernes, fuerzas policiales de Ecuador ingresaron al interior de la embajada de M\u00e9xico en Ecuador, donde se encontraba el exvicepresidente Jorge Glas, a quien el gobierno mexicano le hab\u00eda concedido asilo pol\u00edtico.<\/p>\n\n\n\n<p><strong>Prensa Presidencial \/ Joelin Jim\u00e9nez<\/strong><\/p>\n","protected":false},"excerpt":{"rendered":"<p>Palacio de Miraflores, Caracas.- Venezuela conden\u00f3 la invasi\u00f3n de la embajada de M\u00e9xico en Quito, por parte del gobierno ecuatoriano, hecho ocurridoa noche del viernes 05 de abril. En este sentido, el presidente de la Rep\u00fablica Bolivariana de Venezuela, Nicol\u00e1s Maduro Moros, conden\u00f3 la violaci\u00f3n del Derecho Internacional de la embajada mexicana, por parte de [&hellip;]<\/p>\n","protected":false},"author":4,"featured_media":8359,"comment_status":"open","ping_status":"open","sticky":false,"template":"","format":"standard","meta":{"footnotes":""},"categories":[18,7],"tags":[],"class_list":["post-9605","post","type-post","status-publish","format-standard","has-post-thumbnail","hentry","category-noticias-principales","category-notas-de-prensa"],"_links":{"self":[{"href":"https:\/\/prensapresidencialvenezuela.gob.ve\/index.php\/wp-json\/wp\/v2\/posts\/9605","targetHints":{"allow":["GET"]}}],"collection":[{"href":"https:\/\/prensapresidencialvenezuela.gob.ve\/index.php\/wp-json\/wp\/v2\/posts"}],"about":[{"href":"https:\/\/prensapresidencialvenezuela.gob.ve\/index.php\/wp-json\/wp\/v2\/types\/post"}],"author":[{"embeddable":true,"href":"https:\/\/prensapresidencialvenezuela.gob.ve\/index.php\/wp-json\/wp\/v2\/users\/4"}],"replies":[{"embeddable":true,"href":"https:\/\/prensapresidencialvenezuela.gob.ve\/index.php\/wp-json\/wp\/v2\/comments?post=9605"}],"version-history":[{"count":1,"href":"https:\/\/prensapresidencialvenezuela.gob.ve\/index.php\/wp-json\/wp\/v2\/posts\/9605\/revisions"}],"predecessor-version":[{"id":9606,"href":"https:\/\/prensapresidencialvenezuela.gob.ve\/index.php\/wp-json\/wp\/v2\/posts\/9605\/revisions\/9606"}],"wp:featuredmedia":[{"embeddable":true,"href":"https:\/\/prensapresidencialvenezuela.gob.ve\/index.php\/wp-json\/wp\/v2\/media\/8359"}],"wp:attachment":[{"href":"https:\/\/prensapresidencialvenezuela.gob.ve\/index.php\/wp-json\/wp\/v2\/media?parent=9605"}],"wp:term":[{"taxonomy":"category","embeddable":true,"href":"https:\/\/prensapresidencialvenezuela.gob.ve\/index.php\/wp-json\/wp\/v2\/categories?post=9605"},{"taxonomy":"post_tag","embeddable":true,"href":"https:\/\/prensapresidencialvenezuela.gob.ve\/index.php\/wp-json\/wp\/v2\/tags?post=9605"}],"curies":[{"name":"wp","href":"https:\/\/api.w.org\/{rel}","templated":true}]}}