{"id":9610,"date":"2024-04-08T08:06:35","date_gmt":"2024-04-08T12:06:35","guid":{"rendered":"http:\/\/172.27.0.121\/?p=9610"},"modified":"2024-04-16T08:07:56","modified_gmt":"2024-04-16T12:07:56","slug":"presidente-debatio-sobre-las-luchas-anticoloniales-con-el-profeta-david-owuor","status":"publish","type":"post","link":"https:\/\/prensapresidencialvenezuela.gob.ve\/index.php\/2024\/04\/08\/presidente-debatio-sobre-las-luchas-anticoloniales-con-el-profeta-david-owuor\/","title":{"rendered":"Presidente debati\u00f3 sobre las luchas anticoloniales con el profeta David Owuor"},"content":{"rendered":"\n<p><strong>Palacio de Miraflores, Caracas.-<\/strong> Como excepcional calific\u00f3 el presidente de la Rep\u00fablica Bolivariana de Venezuela, Nicol\u00e1s Maduro, su encuentro con el acad\u00e9mico y profeta keniano, David Owuor, celebrada en el Palacio de Miraflores la semana pasada.<\/p>\n\n\n\n<p>\u201cUn encuentro que califico como excepcional desde el punto de vista humano, religioso, espiritual. Le agradezco a \u00e9l que haya venido a Venezuela, no lo <a><\/a>conoc\u00eda, gracias a las iglesia evang\u00e9licas y cristianas del pa\u00eds, en el encuentro que tuvimos en Puerto Cabello; y me hablaron de \u00e9l, y se anunci\u00f3 su visita, est\u00e1 recorriendo el pa\u00eds, llevando su palabra\u201d.<\/p>\n\n\n\n<p>Pormenoriz\u00f3 que la reuni\u00f3n se extendi\u00f3 por dos horas y media y en este tiempo alcanzaron intercambiar ideas en relaci\u00f3n a \u201cCristo, Dios, la ciencia, \u00c1frica, Nuestra Am\u00e9rica, las luchas anticoloniales\u201d, as\u00ed como de la \u201cla creaci\u00f3n, de la evoluci\u00f3n\u201d.<\/p>\n\n\n\n<p>El Jefe de Estado comparti\u00f3 la interrogante que surgi\u00f3 en medio del encuentro: \u201c\u00bfqu\u00e9 somos?\u201d, y que, tras esta reflexi\u00f3n, \u201cyo le dec\u00eda que pienso que somos las dos cosas: Creaci\u00f3n y evoluci\u00f3n en permanente desarrollo, por eso es que entre ciencia y fe en Dios no puede haber contradicci\u00f3n\u201d, manifest\u00f3 el Mandatario, en su programa \u201cCon Maduro +\u201d n\u00famero 40, celebrado en el Palacio de Miraflores, ubicado en la ciudad de Caracas,<\/p>\n\n\n\n<p>El presidente Maduro consider\u00f3 que \u201clos cristianos tenemos que ser los primeros cient\u00edficos, revolucionarios, los primeros hombres y mujeres que busquemos mejorarlo todo, saberlo todo\u201d, y que \u201cla ciencia nos permita conocer la vida para poder transformar la realidad. Sin conocer la vida, naturaleza, sociedad es imposible la transformaci\u00f3n y lograr una vida mejor\u201d.<\/p>\n\n\n\n<p>\u201cFue un encuentro maravilloso, le env\u00edo un saludo a todos mis hermanos de todas las iglesias cristianas evang\u00e9licas del pa\u00eds y estamos as\u00ed, m\u00e1s unidos que nunca\u201d, puntualiz\u00f3.<\/p>\n\n\n\n<p><strong>Prensa Presidencial \/ Ana\u00eds P\u00e9rez<\/strong><\/p>\n","protected":false},"excerpt":{"rendered":"<p>Palacio de Miraflores, Caracas.- Como excepcional calific\u00f3 el presidente de la Rep\u00fablica Bolivariana de Venezuela, Nicol\u00e1s Maduro, su encuentro con el acad\u00e9mico y profeta keniano, David Owuor, celebrada en el Palacio de Miraflores la semana pasada. \u201cUn encuentro que califico como excepcional desde el punto de vista humano, religioso, espiritual. Le agradezco a \u00e9l que [&hellip;]<\/p>\n","protected":false},"author":4,"featured_media":9611,"comment_status":"open","ping_status":"open","sticky":false,"template":"","format":"standard","meta":{"footnotes":""},"categories":[18,7],"tags":[],"class_list":["post-9610","post","type-post","status-publish","format-standard","has-post-thumbnail","hentry","category-noticias-principales","category-notas-de-prensa"],"_links":{"self":[{"href":"https:\/\/prensapresidencialvenezuela.gob.ve\/index.php\/wp-json\/wp\/v2\/posts\/9610","targetHints":{"allow":["GET"]}}],"collection":[{"href":"https:\/\/prensapresidencialvenezuela.gob.ve\/index.php\/wp-json\/wp\/v2\/posts"}],"about":[{"href":"https:\/\/prensapresidencialvenezuela.gob.ve\/index.php\/wp-json\/wp\/v2\/types\/post"}],"author":[{"embeddable":true,"href":"https:\/\/prensapresidencialvenezuela.gob.ve\/index.php\/wp-json\/wp\/v2\/users\/4"}],"replies":[{"embeddable":true,"href":"https:\/\/prensapresidencialvenezuela.gob.ve\/index.php\/wp-json\/wp\/v2\/comments?post=9610"}],"version-history":[{"count":1,"href":"https:\/\/prensapresidencialvenezuela.gob.ve\/index.php\/wp-json\/wp\/v2\/posts\/9610\/revisions"}],"predecessor-version":[{"id":9612,"href":"https:\/\/prensapresidencialvenezuela.gob.ve\/index.php\/wp-json\/wp\/v2\/posts\/9610\/revisions\/9612"}],"wp:featuredmedia":[{"embeddable":true,"href":"https:\/\/prensapresidencialvenezuela.gob.ve\/index.php\/wp-json\/wp\/v2\/media\/9611"}],"wp:attachment":[{"href":"https:\/\/prensapresidencialvenezuela.gob.ve\/index.php\/wp-json\/wp\/v2\/media?parent=9610"}],"wp:term":[{"taxonomy":"category","embeddable":true,"href":"https:\/\/prensapresidencialvenezuela.gob.ve\/index.php\/wp-json\/wp\/v2\/categories?post=9610"},{"taxonomy":"post_tag","embeddable":true,"href":"https:\/\/prensapresidencialvenezuela.gob.ve\/index.php\/wp-json\/wp\/v2\/tags?post=9610"}],"curies":[{"name":"wp","href":"https:\/\/api.w.org\/{rel}","templated":true}]}}