{"id":9619,"date":"2024-04-08T08:12:20","date_gmt":"2024-04-08T12:12:20","guid":{"rendered":"http:\/\/172.27.0.121\/?p=9619"},"modified":"2024-04-16T08:13:46","modified_gmt":"2024-04-16T12:13:46","slug":"presidente-condena-silencio-de-la-cij-ante-el-genocidio-en-palestina","status":"publish","type":"post","link":"https:\/\/prensapresidencialvenezuela.gob.ve\/index.php\/2024\/04\/08\/presidente-condena-silencio-de-la-cij-ante-el-genocidio-en-palestina\/","title":{"rendered":"Presidente condena silencio de la CIJ ante el genocidio en Palestina"},"content":{"rendered":"\n<p><strong>Palacio de Miraflores, Caracas.-<\/strong> El presidente de la Rep\u00fablica, Nicol\u00e1s Maduro, conden\u00f3 este lunes, el silencio de la Corte Internacional de Justicia (CIJ), ante el genocidio que comete Israel contra el pueblo de Palestina.<\/p>\n\n\n\n<p>En la transmisi\u00f3n del programa N.\u00b040 de \u201cCon Maduro +\u201d, el jefe de Estado denunci\u00f3 los asesinatos contra ni\u00f1os, ni\u00f1as, mujeres y hombres de Palestina, con misiles de alta precisi\u00f3n que <a><\/a>alcanzan hospitales, iglesias, mezquitas, escuelas, edificios y toda la infraestructura.<\/p>\n\n\n\n<p>\u201c\u00bfQu\u00e9 ha hecho la Corte Internacional de Justicia? Nada, voltear para un lado, \u00bfPor qu\u00e9? Porque cada uno de esos magistrados son puestos por el lobby del imperio occidental de Estados Unidos y de Europa. Esa es una gran verdad y yo tengo que decirla, no la puedo callar\u201d, expres\u00f3.<\/p>\n\n\n\n<p>El presidente Maduro reflexion\u00f3 sobre la postura de Venezuela, como un pa\u00eds que llama a la paz y a la diplomacia, frente a la postura de la CIJ \u201cc\u00f3mplice de callar, han perdido toda la moralidad, lo digo de manera responsable\u201d.<\/p>\n\n\n\n<p>En conversaci\u00f3n telef\u00f3nica con el Mandatario nacional, la vicepresidenta Ejecutiva, Delcy Rodr\u00edguez, precis\u00f3 desde La Haya, que Venezuela manteniendo su propuesta de paz entre las naciones, espera por la respuesta de la CIJ frente a la posici\u00f3n de un gran grupo de pa\u00edses que han solicitado el cese al fuego de manera inmediata en Palestina.<\/p>\n\n\n\n<p>Venezuela, en vocer\u00eda del presidente Maduro, ha condenado de manera en\u00e9rgica los ataques de las fuerzas israel\u00edes en la Franja de Gaza, donde bombardean con m\u00edsiles a la poblaci\u00f3n palestina, hecho catastr\u00f3fico y catalogado como una masacre que se ha transmitido en vivo por las redes sociales.<\/p>\n\n\n\n<p><strong>Prensa Presidencial \/ Rosiris Ortega<\/strong><\/p>\n","protected":false},"excerpt":{"rendered":"<p>Palacio de Miraflores, Caracas.- El presidente de la Rep\u00fablica, Nicol\u00e1s Maduro, conden\u00f3 este lunes, el silencio de la Corte Internacional de Justicia (CIJ), ante el genocidio que comete Israel contra el pueblo de Palestina. En la transmisi\u00f3n del programa N.\u00b040 de \u201cCon Maduro +\u201d, el jefe de Estado denunci\u00f3 los asesinatos contra ni\u00f1os, ni\u00f1as, mujeres [&hellip;]<\/p>\n","protected":false},"author":4,"featured_media":9620,"comment_status":"open","ping_status":"open","sticky":false,"template":"","format":"standard","meta":{"footnotes":""},"categories":[18,7],"tags":[],"class_list":["post-9619","post","type-post","status-publish","format-standard","has-post-thumbnail","hentry","category-noticias-principales","category-notas-de-prensa"],"_links":{"self":[{"href":"https:\/\/prensapresidencialvenezuela.gob.ve\/index.php\/wp-json\/wp\/v2\/posts\/9619","targetHints":{"allow":["GET"]}}],"collection":[{"href":"https:\/\/prensapresidencialvenezuela.gob.ve\/index.php\/wp-json\/wp\/v2\/posts"}],"about":[{"href":"https:\/\/prensapresidencialvenezuela.gob.ve\/index.php\/wp-json\/wp\/v2\/types\/post"}],"author":[{"embeddable":true,"href":"https:\/\/prensapresidencialvenezuela.gob.ve\/index.php\/wp-json\/wp\/v2\/users\/4"}],"replies":[{"embeddable":true,"href":"https:\/\/prensapresidencialvenezuela.gob.ve\/index.php\/wp-json\/wp\/v2\/comments?post=9619"}],"version-history":[{"count":1,"href":"https:\/\/prensapresidencialvenezuela.gob.ve\/index.php\/wp-json\/wp\/v2\/posts\/9619\/revisions"}],"predecessor-version":[{"id":9621,"href":"https:\/\/prensapresidencialvenezuela.gob.ve\/index.php\/wp-json\/wp\/v2\/posts\/9619\/revisions\/9621"}],"wp:featuredmedia":[{"embeddable":true,"href":"https:\/\/prensapresidencialvenezuela.gob.ve\/index.php\/wp-json\/wp\/v2\/media\/9620"}],"wp:attachment":[{"href":"https:\/\/prensapresidencialvenezuela.gob.ve\/index.php\/wp-json\/wp\/v2\/media?parent=9619"}],"wp:term":[{"taxonomy":"category","embeddable":true,"href":"https:\/\/prensapresidencialvenezuela.gob.ve\/index.php\/wp-json\/wp\/v2\/categories?post=9619"},{"taxonomy":"post_tag","embeddable":true,"href":"https:\/\/prensapresidencialvenezuela.gob.ve\/index.php\/wp-json\/wp\/v2\/tags?post=9619"}],"curies":[{"name":"wp","href":"https:\/\/api.w.org\/{rel}","templated":true}]}}