{"id":9635,"date":"2024-04-08T08:22:50","date_gmt":"2024-04-08T12:22:50","guid":{"rendered":"http:\/\/172.27.0.121\/?p=9635"},"modified":"2024-04-16T08:23:47","modified_gmt":"2024-04-16T12:23:47","slug":"maduro-venezuela-y-colombia-tienen-grandes-objetivos-conjuntos-y-nadie-nos-separara","status":"publish","type":"post","link":"https:\/\/prensapresidencialvenezuela.gob.ve\/index.php\/2024\/04\/08\/maduro-venezuela-y-colombia-tienen-grandes-objetivos-conjuntos-y-nadie-nos-separara\/","title":{"rendered":"Maduro: Venezuela y Colombia tienen grandes objetivos conjuntos y nadie nos separar\u00e1"},"content":{"rendered":"\n<p><strong>Palacio de Miraflores, Caracas.-<\/strong> El presidente de la Rep\u00fablica Bolivariana de Venezuela, Nicol\u00e1s Maduro Moros, afirm\u00f3 este lunes que Caracas y Bogot\u00e1 tienen grandes objetivos conjuntos y nadie los separar\u00e1.<\/p>\n\n\n\n<p>\u201cNo hagamos anormal ni escandalicemos diferencias que se puedan tener, la vida es bonita cuando hay diferencias de criterios, de Colombia no nos separar\u00e1 nadie, tenemos grandes objetivos <a><\/a>que cumplir juntos, hacer avanzar la econom\u00eda, el comercio, la paz\u201d, asever\u00f3 el Jefe de Estado venezolano.<\/p>\n\n\n\n<p>En esa l\u00ednea, el presidente Maduro confirm\u00f3 un encuentro con su hom\u00f3logo colombiano, Gustavo Petro, en territorio venezolano y adelant\u00f3 que ya se tiene prevista una agenda de trabajo conjunta.<\/p>\n\n\n\n<p>\u201cSeguramente profundizaremos en los proyectos de energ\u00eda, gas, petr\u00f3leo, seguridad fronteriza, proyectos de incremento del tema comercial, econ\u00f3mico, la cooperaci\u00f3n diplom\u00e1tica, el asalto a la Embajada de M\u00e9xico en Ecuador, el tema de Palestina, el fortalecimiento de la CELAC (Comunidad de Estados Latinoamericanos y Caribe\u00f1os), hay muchos puntos en com\u00fan y si hay alguna diferencia, bienvenida la diferencia\u201d, dijo el presidente Maduro.<\/p>\n\n\n\n<p>Durante su programa semanal \u201cCon Maduro +\u201d, el Mandatario se refiri\u00f3 al encuentro sostenido entre los cancilleres de Venezuela, Yv\u00e1n Gil, y su hom\u00f3logo colombiano, Luis Murillo, en la ciudad de Cucut\u00e1, Colombia, para participar en la primera reuni\u00f3n del mecanismo de seguimiento de la Comisi\u00f3n de Vecindad e Integraci\u00f3n.<\/p>\n\n\n\n<p>Al respecto, se\u00f1al\u00f3 que ambos pa\u00edses se encuentran listos para consolidar nuevos proyectos que promuevan la prosperidad mutua.<\/p>\n\n\n\n<p><strong>Prensa Presidencial \/ Bianca Borrero<\/strong><\/p>\n","protected":false},"excerpt":{"rendered":"<p>Palacio de Miraflores, Caracas.- El presidente de la Rep\u00fablica Bolivariana de Venezuela, Nicol\u00e1s Maduro Moros, afirm\u00f3 este lunes que Caracas y Bogot\u00e1 tienen grandes objetivos conjuntos y nadie los separar\u00e1. \u201cNo hagamos anormal ni escandalicemos diferencias que se puedan tener, la vida es bonita cuando hay diferencias de criterios, de Colombia no nos separar\u00e1 nadie, [&hellip;]<\/p>\n","protected":false},"author":4,"featured_media":9620,"comment_status":"open","ping_status":"open","sticky":false,"template":"","format":"standard","meta":{"footnotes":""},"categories":[18,7],"tags":[],"class_list":["post-9635","post","type-post","status-publish","format-standard","has-post-thumbnail","hentry","category-noticias-principales","category-notas-de-prensa"],"_links":{"self":[{"href":"https:\/\/prensapresidencialvenezuela.gob.ve\/index.php\/wp-json\/wp\/v2\/posts\/9635","targetHints":{"allow":["GET"]}}],"collection":[{"href":"https:\/\/prensapresidencialvenezuela.gob.ve\/index.php\/wp-json\/wp\/v2\/posts"}],"about":[{"href":"https:\/\/prensapresidencialvenezuela.gob.ve\/index.php\/wp-json\/wp\/v2\/types\/post"}],"author":[{"embeddable":true,"href":"https:\/\/prensapresidencialvenezuela.gob.ve\/index.php\/wp-json\/wp\/v2\/users\/4"}],"replies":[{"embeddable":true,"href":"https:\/\/prensapresidencialvenezuela.gob.ve\/index.php\/wp-json\/wp\/v2\/comments?post=9635"}],"version-history":[{"count":1,"href":"https:\/\/prensapresidencialvenezuela.gob.ve\/index.php\/wp-json\/wp\/v2\/posts\/9635\/revisions"}],"predecessor-version":[{"id":9636,"href":"https:\/\/prensapresidencialvenezuela.gob.ve\/index.php\/wp-json\/wp\/v2\/posts\/9635\/revisions\/9636"}],"wp:featuredmedia":[{"embeddable":true,"href":"https:\/\/prensapresidencialvenezuela.gob.ve\/index.php\/wp-json\/wp\/v2\/media\/9620"}],"wp:attachment":[{"href":"https:\/\/prensapresidencialvenezuela.gob.ve\/index.php\/wp-json\/wp\/v2\/media?parent=9635"}],"wp:term":[{"taxonomy":"category","embeddable":true,"href":"https:\/\/prensapresidencialvenezuela.gob.ve\/index.php\/wp-json\/wp\/v2\/categories?post=9635"},{"taxonomy":"post_tag","embeddable":true,"href":"https:\/\/prensapresidencialvenezuela.gob.ve\/index.php\/wp-json\/wp\/v2\/tags?post=9635"}],"curies":[{"name":"wp","href":"https:\/\/api.w.org\/{rel}","templated":true}]}}