{"id":9637,"date":"2024-04-08T08:23:52","date_gmt":"2024-04-08T12:23:52","guid":{"rendered":"http:\/\/172.27.0.121\/?p=9637"},"modified":"2024-04-16T08:24:50","modified_gmt":"2024-04-16T12:24:50","slug":"asalto-a-la-embajada-de-mexico-en-ecuador-se-hizo-con-la-venia-de-eeuu","status":"publish","type":"post","link":"https:\/\/prensapresidencialvenezuela.gob.ve\/index.php\/2024\/04\/08\/asalto-a-la-embajada-de-mexico-en-ecuador-se-hizo-con-la-venia-de-eeuu\/","title":{"rendered":"Asalto a la Embajada de M\u00e9xico en Ecuador se hizo con la venia de EEUU"},"content":{"rendered":"\n<p><strong>Palacio de Miraflores, Caracas.-<\/strong> \u201cQu\u00e9 casualidad que la Comandante del Comando Sur de los Estados Unidos pas\u00f3 primero por Ecuador y luego \u2013se fue- a Argentina (\u2026) Todo lo que hizo \u2013Daniel Noboa- lo hizo en coordinaci\u00f3n y con la venia de la Embajada de Estados Unidos en Ecuador, no les quede ninguna duda\u201d.<\/p>\n\n\n\n<p>Las denuncia la hizo el jefe de Estado venezolano, Nicol\u00e1s Maduro, al ser consultado por la periodista <a><\/a>y presidenta de la multiestatal Telesur, Patricia Villegas, sobre el asalto a la Embajada de M\u00e9xico en Quito, capital de Ecuador, perpetrado por organismos de seguridad ecuatorianos la noche del viernes 05 de abril.<\/p>\n\n\n\n<p>Al respecto, el presidente Maduro repudi\u00f3 la violaci\u00f3n del Derecho Internacional de la Embajada mexicana, por parte de las fuerzas policiales de Ecuador para secuestrar al exvicepresidente Jorge Glas, a quien se le hab\u00eda concedido asilo pol\u00edtico.<\/p>\n\n\n\n<p>\u201cEsta es la barbarie y, \u00bfde d\u00f3nde viene la barbarie? De la derecha extremista que est\u00e1 llegando al gobierno de algunos pa\u00edses de Am\u00e9rica Latina con posiciones neonazis, neofascistas (\u2026) en Ecuador un hombre de los apellidos, de los multimillonarios que han saqueado al Ecuador por siglos, cometi\u00f3 un acto de barbarie, secuestrar a un asilado pol\u00edtico asaltando brutalmente la Embajada de M\u00e9xico\u201d, denunci\u00f3 el Mandatario.<\/p>\n\n\n\n<p>Durante la emisi\u00f3n n\u00famero 40 del programa \u201cCon Maduro+\u201d, el Presidente ratific\u00f3 su solidaridad, amor y apoyo a la independencia, la soberan\u00eda del pueblo de M\u00e9xico y su presidente Andr\u00e9s Manuel L\u00f3pez Obrador.<\/p>\n\n\n\n<p><strong>Prensa Presidencial \/ Bianca Borrero<\/strong><\/p>\n","protected":false},"excerpt":{"rendered":"<p>Palacio de Miraflores, Caracas.- \u201cQu\u00e9 casualidad que la Comandante del Comando Sur de los Estados Unidos pas\u00f3 primero por Ecuador y luego \u2013se fue- a Argentina (\u2026) Todo lo que hizo \u2013Daniel Noboa- lo hizo en coordinaci\u00f3n y con la venia de la Embajada de Estados Unidos en Ecuador, no les quede ninguna duda\u201d. Las [&hellip;]<\/p>\n","protected":false},"author":4,"featured_media":9627,"comment_status":"open","ping_status":"open","sticky":false,"template":"","format":"standard","meta":{"footnotes":""},"categories":[1],"tags":[],"class_list":["post-9637","post","type-post","status-publish","format-standard","has-post-thumbnail","hentry","category-sin-categoria"],"_links":{"self":[{"href":"https:\/\/prensapresidencialvenezuela.gob.ve\/index.php\/wp-json\/wp\/v2\/posts\/9637","targetHints":{"allow":["GET"]}}],"collection":[{"href":"https:\/\/prensapresidencialvenezuela.gob.ve\/index.php\/wp-json\/wp\/v2\/posts"}],"about":[{"href":"https:\/\/prensapresidencialvenezuela.gob.ve\/index.php\/wp-json\/wp\/v2\/types\/post"}],"author":[{"embeddable":true,"href":"https:\/\/prensapresidencialvenezuela.gob.ve\/index.php\/wp-json\/wp\/v2\/users\/4"}],"replies":[{"embeddable":true,"href":"https:\/\/prensapresidencialvenezuela.gob.ve\/index.php\/wp-json\/wp\/v2\/comments?post=9637"}],"version-history":[{"count":1,"href":"https:\/\/prensapresidencialvenezuela.gob.ve\/index.php\/wp-json\/wp\/v2\/posts\/9637\/revisions"}],"predecessor-version":[{"id":9638,"href":"https:\/\/prensapresidencialvenezuela.gob.ve\/index.php\/wp-json\/wp\/v2\/posts\/9637\/revisions\/9638"}],"wp:featuredmedia":[{"embeddable":true,"href":"https:\/\/prensapresidencialvenezuela.gob.ve\/index.php\/wp-json\/wp\/v2\/media\/9627"}],"wp:attachment":[{"href":"https:\/\/prensapresidencialvenezuela.gob.ve\/index.php\/wp-json\/wp\/v2\/media?parent=9637"}],"wp:term":[{"taxonomy":"category","embeddable":true,"href":"https:\/\/prensapresidencialvenezuela.gob.ve\/index.php\/wp-json\/wp\/v2\/categories?post=9637"},{"taxonomy":"post_tag","embeddable":true,"href":"https:\/\/prensapresidencialvenezuela.gob.ve\/index.php\/wp-json\/wp\/v2\/tags?post=9637"}],"curies":[{"name":"wp","href":"https:\/\/api.w.org\/{rel}","templated":true}]}}