{"id":9639,"date":"2024-04-08T08:24:52","date_gmt":"2024-04-08T12:24:52","guid":{"rendered":"http:\/\/172.27.0.121\/?p=9639"},"modified":"2024-04-16T08:26:24","modified_gmt":"2024-04-16T12:26:24","slug":"el-pueblo-revirtio-el-golpe-de-estado-del-11-a","status":"publish","type":"post","link":"https:\/\/prensapresidencialvenezuela.gob.ve\/index.php\/2024\/04\/08\/el-pueblo-revirtio-el-golpe-de-estado-del-11-a\/","title":{"rendered":"El pueblo revirti\u00f3 el golpe de Estado del 11-A"},"content":{"rendered":"\n<p><strong>Palacio de Miraflores, Caracas.-<\/strong> Al recordar los hechos del 11, 12 y 13 de abril del a\u00f1o 2002, el presidente de la Rep\u00fablica, Nicol\u00e1s Maduro, destac\u00f3 que gracias al pueblo se pudo contener y revertir el golpe de Estado.<\/p>\n\n\n\n<p>\u201cNosotros afortunadamente pudimos contener, atajar a tiempo y revertir este golpe de Estado, si no se hubiera acabado la democracia y la libertad\u201d, enfatiz\u00f3 durante el programa semanal \u201cCon Maduro +\u201d.<\/p>\n\n\n\n<p>El <a><\/a>Jefe de Estado record\u00f3 que los golpistas \u201cen pocas horas salieron y mataron gente\u201d, al tiempo que a\u00f1adi\u00f3 que, durante la estancia de la oposici\u00f3n en el sal\u00f3n Ayacucho del Palacio de Miraflores \u00abgritaban democracia\u00bb, pero \u00abdisolvieron la Asamblea Nacional, todas las gobernaciones, todas las alcald\u00edas, el Poder Judicial, el Poder Electoral y Pedro Carmona asumi\u00f3 un poder absolutista, casi de un monarca\u00bb.<\/p>\n\n\n\n<p>Asimismo, indic\u00f3 que el comandante Hugo Ch\u00e1vez siempre busc\u00f3 el di\u00e1logo con todos los sectores del pa\u00eds, inclusive con los l\u00edderes de aquella oposici\u00f3n.<\/p>\n\n\n\n<p>\u201cDialog\u00f3 con Pedro Carmona, con todos ellos, pero ellos ten\u00edan el cuchillo \u2013de la traici\u00f3n-, iban a dialogar con cuchillo, y cuando nos volteamos clavaron el cuchillo\u201d, apunt\u00f3.<\/p>\n\n\n\n<p>Maduro recalc\u00f3 que este \u201cfue el primer golpe medi\u00e1tico de la historia de la humanidad, todo eso lo transmit\u00edan en vivo y directo\u201d.<\/p>\n\n\n\n<p>Por otro lado, le record\u00f3 a la juventud que Henrique Capriles Radonsky cuando fung\u00eda como alcalde del municipio Baruta intent\u00f3 asaltar la Embajada de Cuba en Caracas.<\/p>\n\n\n\n<p>\u201cEso nunca hab\u00eda pasado en Venezuela, Capriles brincando a la Embajada, nunca hab\u00eda pasado, y lleg\u00f3 y le exigi\u00f3 al embajador Germ\u00e1n S\u00e1nchez Otero que \u00e9l quer\u00eda revisar la Embajada para ver si hab\u00eda alguien metido ah\u00ed y el embajador lo plant\u00f3 y lo ech\u00f3 de ah\u00ed.<\/p>\n\n\n\n<p>No quemaron, ni tomaron toda la embajada porque hubo un movimiento diplom\u00e1tico mundial gigantesco\u201d, subray\u00f3.<\/p>\n\n\n\n<p>El presidente Nicol\u00e1s Maduro acot\u00f3 que \u201cen la noche del 12 de abril ces\u00f3 el ataque a la embajada y el 13 de abril, m\u00e1s de seis millones de personas se lanzaron a las calles y todas las unidades militares del pa\u00eds unidas al pueblo revirtieron el golpe de Estado\u201d, reiter\u00f3.<\/p>\n\n\n\n<p><strong>Prensa Presidencial \/ Eduardo Hueck<\/strong><\/p>\n","protected":false},"excerpt":{"rendered":"<p>Palacio de Miraflores, Caracas.- Al recordar los hechos del 11, 12 y 13 de abril del a\u00f1o 2002, el presidente de la Rep\u00fablica, Nicol\u00e1s Maduro, destac\u00f3 que gracias al pueblo se pudo contener y revertir el golpe de Estado. \u201cNosotros afortunadamente pudimos contener, atajar a tiempo y revertir este golpe de Estado, si no se [&hellip;]<\/p>\n","protected":false},"author":4,"featured_media":9640,"comment_status":"open","ping_status":"open","sticky":false,"template":"","format":"standard","meta":{"footnotes":""},"categories":[18,7],"tags":[],"class_list":["post-9639","post","type-post","status-publish","format-standard","has-post-thumbnail","hentry","category-noticias-principales","category-notas-de-prensa"],"_links":{"self":[{"href":"https:\/\/prensapresidencialvenezuela.gob.ve\/index.php\/wp-json\/wp\/v2\/posts\/9639","targetHints":{"allow":["GET"]}}],"collection":[{"href":"https:\/\/prensapresidencialvenezuela.gob.ve\/index.php\/wp-json\/wp\/v2\/posts"}],"about":[{"href":"https:\/\/prensapresidencialvenezuela.gob.ve\/index.php\/wp-json\/wp\/v2\/types\/post"}],"author":[{"embeddable":true,"href":"https:\/\/prensapresidencialvenezuela.gob.ve\/index.php\/wp-json\/wp\/v2\/users\/4"}],"replies":[{"embeddable":true,"href":"https:\/\/prensapresidencialvenezuela.gob.ve\/index.php\/wp-json\/wp\/v2\/comments?post=9639"}],"version-history":[{"count":1,"href":"https:\/\/prensapresidencialvenezuela.gob.ve\/index.php\/wp-json\/wp\/v2\/posts\/9639\/revisions"}],"predecessor-version":[{"id":9641,"href":"https:\/\/prensapresidencialvenezuela.gob.ve\/index.php\/wp-json\/wp\/v2\/posts\/9639\/revisions\/9641"}],"wp:featuredmedia":[{"embeddable":true,"href":"https:\/\/prensapresidencialvenezuela.gob.ve\/index.php\/wp-json\/wp\/v2\/media\/9640"}],"wp:attachment":[{"href":"https:\/\/prensapresidencialvenezuela.gob.ve\/index.php\/wp-json\/wp\/v2\/media?parent=9639"}],"wp:term":[{"taxonomy":"category","embeddable":true,"href":"https:\/\/prensapresidencialvenezuela.gob.ve\/index.php\/wp-json\/wp\/v2\/categories?post=9639"},{"taxonomy":"post_tag","embeddable":true,"href":"https:\/\/prensapresidencialvenezuela.gob.ve\/index.php\/wp-json\/wp\/v2\/tags?post=9639"}],"curies":[{"name":"wp","href":"https:\/\/api.w.org\/{rel}","templated":true}]}}