{"id":9664,"date":"2024-04-09T08:48:58","date_gmt":"2024-04-09T12:48:58","guid":{"rendered":"http:\/\/172.27.0.121\/?p=9664"},"modified":"2024-04-16T08:51:03","modified_gmt":"2024-04-16T12:51:03","slug":"colombia-y-venezuela-reafirman-voluntad-de-avanzar-hacia-la-plena-integracion","status":"publish","type":"post","link":"https:\/\/prensapresidencialvenezuela.gob.ve\/index.php\/2024\/04\/09\/colombia-y-venezuela-reafirman-voluntad-de-avanzar-hacia-la-plena-integracion\/","title":{"rendered":"Colombia y Venezuela reafirman voluntad de avanzar hacia la plena integraci\u00f3n"},"content":{"rendered":"\n<p><strong>Palacio de Miraflores, Caracas.-<\/strong> Avanzar en la integraci\u00f3n bilateral, bajo los principios de cooperaci\u00f3n, hermandad y entendimiento, es el objetivo acordado entre los presidentes de la Rep\u00fablica, Nicol\u00e1s Maduro, y de la Rep\u00fablica de Colombia, Gustavo Petro, al t\u00e9rmino del encuentro de trabajo sostenido este martes en el Palacio de Miraflores, ubicado en Caracas.<\/p>\n\n\n\n<p>En este sentido, el presidente de la <a><\/a>Rep\u00fablica, Nicol\u00e1s Maduro, detall\u00f3 que, a partir del concurso de equipos de ambas naciones, repasaron las nuevas oportunidades de cooperaci\u00f3n en \u00e1reas estrat\u00e9gicas, particularmente el transporte, comercio, econom\u00eda, energ\u00eda alternativa y tradicional e inversiones conjuntas.<\/p>\n\n\n\n<p>\u201c(\u2026) Y los proyectos que deben continuar la ruta de encuentro y reencuentro permanente entre Colombia y Venezuela, dos pueblos que somos uno, que somos, sin ninguna duda, hermanos siameses que debemos profundizar en los pasos de la integraci\u00f3n y m\u00e1s all\u00e1 de la uni\u00f3n\u201d, puntualiz\u00f3.<\/p>\n\n\n\n<p>El Jefe de Estado se\u00f1al\u00f3 que, igualmente, abordaron temas relacionados con la actualidad geopol\u00edtica mundial, donde se evidenci\u00f3 la posici\u00f3n com\u00fan \u201csobre los conflictos que hay en el continente, la reuni\u00f3n de la CELAC, todos los temas de las amenazas de violencia y de guerra que hay en el mundo; y la necesidad de preservar con cuidado, con buenos oficios, con buenos esfuerzos mancomunados la paz en nuestra regi\u00f3n, en Suram\u00e9rica\u201d.<\/p>\n\n\n\n<p>Precisamente, la consolidaci\u00f3n de la paz es un tema recurrente en el di\u00e1logo Maduro \u2013 Petro. Sobre esto, el mandatario venezolano asever\u00f3 que \u201cVenezuela siempre estar\u00e1 lista, dispuesta y a la orden de usted, de ustedes para ayudar m\u00e1s all\u00e1 de lo que se pueda a construir la paz de Colombia\u201d.<\/p>\n\n\n\n<p>\u201cLa paz de Colombia es la paz de Venezuela; y tambi\u00e9n la paz y la estabilidad de Venezuela en lo pol\u00edtico, econ\u00f3mico y social es la tranquilidad y la paz de Colombia, pueblos que nos tenemos que ver con una mirada de cooperaci\u00f3n, de hermandad y entendimiento\u201d, reiter\u00f3.<\/p>\n\n\n\n<p><strong>Prensa Presidencial \/ Karelis Gonz\u00e1lez<\/strong><\/p>\n","protected":false},"excerpt":{"rendered":"<p>Palacio de Miraflores, Caracas.- Avanzar en la integraci\u00f3n bilateral, bajo los principios de cooperaci\u00f3n, hermandad y entendimiento, es el objetivo acordado entre los presidentes de la Rep\u00fablica, Nicol\u00e1s Maduro, y de la Rep\u00fablica de Colombia, Gustavo Petro, al t\u00e9rmino del encuentro de trabajo sostenido este martes en el Palacio de Miraflores, ubicado en Caracas. En [&hellip;]<\/p>\n","protected":false},"author":4,"featured_media":9665,"comment_status":"open","ping_status":"open","sticky":false,"template":"","format":"standard","meta":{"footnotes":""},"categories":[18,7],"tags":[],"class_list":["post-9664","post","type-post","status-publish","format-standard","has-post-thumbnail","hentry","category-noticias-principales","category-notas-de-prensa"],"_links":{"self":[{"href":"https:\/\/prensapresidencialvenezuela.gob.ve\/index.php\/wp-json\/wp\/v2\/posts\/9664","targetHints":{"allow":["GET"]}}],"collection":[{"href":"https:\/\/prensapresidencialvenezuela.gob.ve\/index.php\/wp-json\/wp\/v2\/posts"}],"about":[{"href":"https:\/\/prensapresidencialvenezuela.gob.ve\/index.php\/wp-json\/wp\/v2\/types\/post"}],"author":[{"embeddable":true,"href":"https:\/\/prensapresidencialvenezuela.gob.ve\/index.php\/wp-json\/wp\/v2\/users\/4"}],"replies":[{"embeddable":true,"href":"https:\/\/prensapresidencialvenezuela.gob.ve\/index.php\/wp-json\/wp\/v2\/comments?post=9664"}],"version-history":[{"count":1,"href":"https:\/\/prensapresidencialvenezuela.gob.ve\/index.php\/wp-json\/wp\/v2\/posts\/9664\/revisions"}],"predecessor-version":[{"id":9666,"href":"https:\/\/prensapresidencialvenezuela.gob.ve\/index.php\/wp-json\/wp\/v2\/posts\/9664\/revisions\/9666"}],"wp:featuredmedia":[{"embeddable":true,"href":"https:\/\/prensapresidencialvenezuela.gob.ve\/index.php\/wp-json\/wp\/v2\/media\/9665"}],"wp:attachment":[{"href":"https:\/\/prensapresidencialvenezuela.gob.ve\/index.php\/wp-json\/wp\/v2\/media?parent=9664"}],"wp:term":[{"taxonomy":"category","embeddable":true,"href":"https:\/\/prensapresidencialvenezuela.gob.ve\/index.php\/wp-json\/wp\/v2\/categories?post=9664"},{"taxonomy":"post_tag","embeddable":true,"href":"https:\/\/prensapresidencialvenezuela.gob.ve\/index.php\/wp-json\/wp\/v2\/tags?post=9664"}],"curies":[{"name":"wp","href":"https:\/\/api.w.org\/{rel}","templated":true}]}}