{"id":9691,"date":"2024-04-10T09:14:44","date_gmt":"2024-04-10T13:14:44","guid":{"rendered":"http:\/\/172.27.0.121\/?p=9691"},"modified":"2024-04-16T09:27:57","modified_gmt":"2024-04-16T13:27:57","slug":"venezuela-potencia-creativa-en-materia-tecnologica","status":"publish","type":"post","link":"https:\/\/prensapresidencialvenezuela.gob.ve\/index.php\/2024\/04\/10\/venezuela-potencia-creativa-en-materia-tecnologica\/","title":{"rendered":"Venezuela, potencia creativa en materia tecnol\u00f3gica"},"content":{"rendered":"\n<p><strong>Sartenejas, estado Miranda.-<\/strong> La Universidad Nacional Experimental Francisco de Miranda en el estado Falc\u00f3n, inaugur\u00f3 el Centro de Formaci\u00f3n de Ingenier\u00eda Biom\u00e9dica, as\u00ed lo inform\u00f3 el Presidente de la Rep\u00fablica Bolivariana de Venezuela, Nicol\u00e1s Maduro, durante el lanzamiento de la Gran Misi\u00f3n Ciencia, Tecnolog\u00eda e Innovaci\u00f3n.<\/p>\n\n\n\n<p>Durante el contacto en directo que se realiz\u00f3 desde dicha entidad, el dignatario se refiri\u00f3 al gran <a><\/a>salto hacia el progreso que da Venezuela en esta materia.<\/p>\n\n\n\n<p>\u201cAhora est\u00e1n creando equipos desde Venezuela, equipos nuevos y eso va a tener una explosi\u00f3n creativa a nivel tecnol\u00f3gico muy pronto, para la salud de Venezuela y para la exportaci\u00f3n, lo que viene es un tiempo de reverdecer de la tecnolog\u00eda de la econom\u00eda Milagrosa\u201d.<\/p>\n\n\n\n<p>En el marco de los cinco v\u00e9rtices que componen la Nueva Gran Misi\u00f3n de Nueva Generaci\u00f3n se pudo conocer que la instituci\u00f3n forma j\u00f3venes que se est\u00e1n especializando en las ciencias biom\u00e9dicas. El proceso est\u00e1 vinculado a la reparaci\u00f3n de los equipos componentes y piezas de equipamientos m\u00e9dicos. Un gran aporte que ya avanza en la creaci\u00f3n de prototipos m\u00e9dicos.<\/p>\n\n\n\n<p>El Centro tiene un impacto en m\u00e1s de 100 mil estudiantes, que ahora cuentan con espacios nuevos, laboratorio de electromedicina, de electr\u00f3nica, de metalmec\u00e1nica y de computaci\u00f3n.<\/p>\n\n\n\n<p><strong>Productos biotecnol\u00f3gicos para control de vectores en Miranda<\/strong><\/p>\n\n\n\n<p>Tambi\u00e9n desde el Instituto Venezolano de Investigaciones Cient\u00edficas ( IVIC), ubicado en San Antonio de los Altos, el Presidente realiz\u00f3 un contacto para conocer de primera mano la producci\u00f3n los productos biotecnol\u00f3gicos, para el control de la poblaci\u00f3n de vectores en el pa\u00eds.<\/p>\n\n\n\n<p>\u201cYa se crearon en Venezuela, est\u00e1n en plena producci\u00f3n y salen a los campos, a los barrios y a las calles a proteger a nuestro pueblo del dengue, de la malaria y de muchos otros vectores\u201d.<\/p>\n\n\n\n<p>El experto en el \u00e1rea, el doctor Blas Dorta, explic\u00f3 el funcionamiento de un potente bioinsecticida desarrollado en nuestro pa\u00eds a partir de \u201cbacterias y hongos entomopat\u00f3genos, en sustituci\u00f3n de los insecticidas qu\u00edmicos de amplio espectro que tradicionalmente se han utilizado para estos prop\u00f3sitos\u201d.<\/p>\n\n\n\n<p>Durante su presentaci\u00f3n mostr\u00f3 una gr\u00e1fica en la que explic\u00f3 \u201cel ciclo de vida de un mosquito t\u00edpico\u201d.<\/p>\n\n\n\n<p>\u201cHemos desarrollado en nuestro pa\u00eds con talento nacional con recursos nacionales no tenemos que estar importando absolutamente nada\u201d.<\/p>\n\n\n\n<p>\u201cEl producto desarrollado por nosotros Larvivac est\u00e1 formulado con la bacteria entomopat\u00f3gena, bacilus esf\u00e9ricos y una base inerte que es tusa de ma\u00edz molida (\u2026) si una de esas bacterias es ingerida por la larva autom\u00e1ticamente se genera un desorden fisiol\u00f3gico en el tracto intestinal de esa larva que conduce a la muerte\u201d.<\/p>\n\n\n\n<p>Otro producto biol\u00f3gico desarrollado desde el IVIC es el X \u201cuna mezcla de espora de tres hongos entomopat\u00f3genos distintos (\u2026) que utilizamos en los estados orientales de Sucre, Monagas y de Alta Amacuro para controlar con \u00e9xito la palometa peluda\u201d.<\/p>\n\n\n\n<p>Adem\u00e1s, est\u00e1 en producci\u00f3n la biotecnolog\u00eda para la fase a\u00e9rea del mosquito, en su fase adulta, el que se posa en paredes y otras superficies.<\/p>\n\n\n\n<p>En este marco el Jefe de Estado manifest\u00f3 su fe en estas iniciativas que surgen desde los laboratorios venezolanos.<\/p>\n\n\n\n<p>\u201cEsto es admirable, una respuesta desde Venezuela para el dengue, la malaria (\u2026) para llevarlo a todos los campos, a todos los barrios, a todas las comunidades y despu\u00e9s llevarlo a los pueblos, al pueblo argentino le digo, Venezuela est\u00e1 preparada para s a combatir el dengue, ya que Milei los abandon\u00f3\u201d.<\/p>\n\n\n\n<p><strong>Sucre participa en plan de abordaje tecnol\u00f3gico<\/strong><\/p>\n\n\n\n<p>Desde la parroquia Yaguaraparo, en el municipio Cajigal del estado Sucre, el Presidente se conect\u00f3 con la entidad oriental para \u201cplantearse nuevos niveles de desarrollo para grandes transformaciones desde el conocimiento precisamente lo que es la protecci\u00f3n del cacao venezolano ante el cambio clim\u00e1tico y ante los vectores que lo pueden limitar y atacar\u201d.<\/p>\n\n\n\n<p>Una tecnolog\u00eda desarrollada por cient\u00edficos venezolanos, en conjunto con los saberes ancestrales de campesinos y la investigaci\u00f3n de los cient\u00edficos. La innovadora tecnolog\u00eda del producto Tricorelum est\u00e1 desarrollado con un hongo que har\u00e1 frente al agente que ataca las cosechas de cacao.<\/p>\n\n\n\n<p>La red cient\u00edfica y tecnol\u00f3gica por el cacao dar\u00e1 inici\u00f3 en 4 estados: Miranda, M\u00e9rida, Barinas y Sucre.<\/p>\n\n\n\n<p>Dicho plan de abordaje en su primera fase brindar\u00e1 atenci\u00f3n a m\u00e1s de 8 mil productores cacaoteros en los 4 estados. Incluye formaci\u00f3n permanente y acompa\u00f1amiento a productores campesinos por parte los cient\u00edficos y cient\u00edficas del pa\u00eds.<\/p>\n\n\n\n<p>Prensa Presidencial\/Mar\u00eda Mercedes Noguera<\/p>\n","protected":false},"excerpt":{"rendered":"<p>Sartenejas, estado Miranda.- La Universidad Nacional Experimental Francisco de Miranda en el estado Falc\u00f3n, inaugur\u00f3 el Centro de Formaci\u00f3n de Ingenier\u00eda Biom\u00e9dica, as\u00ed lo inform\u00f3 el Presidente de la Rep\u00fablica Bolivariana de Venezuela, Nicol\u00e1s Maduro, durante el lanzamiento de la Gran Misi\u00f3n Ciencia, Tecnolog\u00eda e Innovaci\u00f3n. Durante el contacto en directo que se realiz\u00f3 desde [&hellip;]<\/p>\n","protected":false},"author":4,"featured_media":9692,"comment_status":"open","ping_status":"open","sticky":false,"template":"","format":"standard","meta":{"footnotes":""},"categories":[18,7],"tags":[],"class_list":["post-9691","post","type-post","status-publish","format-standard","has-post-thumbnail","hentry","category-noticias-principales","category-notas-de-prensa"],"_links":{"self":[{"href":"https:\/\/prensapresidencialvenezuela.gob.ve\/index.php\/wp-json\/wp\/v2\/posts\/9691","targetHints":{"allow":["GET"]}}],"collection":[{"href":"https:\/\/prensapresidencialvenezuela.gob.ve\/index.php\/wp-json\/wp\/v2\/posts"}],"about":[{"href":"https:\/\/prensapresidencialvenezuela.gob.ve\/index.php\/wp-json\/wp\/v2\/types\/post"}],"author":[{"embeddable":true,"href":"https:\/\/prensapresidencialvenezuela.gob.ve\/index.php\/wp-json\/wp\/v2\/users\/4"}],"replies":[{"embeddable":true,"href":"https:\/\/prensapresidencialvenezuela.gob.ve\/index.php\/wp-json\/wp\/v2\/comments?post=9691"}],"version-history":[{"count":1,"href":"https:\/\/prensapresidencialvenezuela.gob.ve\/index.php\/wp-json\/wp\/v2\/posts\/9691\/revisions"}],"predecessor-version":[{"id":9693,"href":"https:\/\/prensapresidencialvenezuela.gob.ve\/index.php\/wp-json\/wp\/v2\/posts\/9691\/revisions\/9693"}],"wp:featuredmedia":[{"embeddable":true,"href":"https:\/\/prensapresidencialvenezuela.gob.ve\/index.php\/wp-json\/wp\/v2\/media\/9692"}],"wp:attachment":[{"href":"https:\/\/prensapresidencialvenezuela.gob.ve\/index.php\/wp-json\/wp\/v2\/media?parent=9691"}],"wp:term":[{"taxonomy":"category","embeddable":true,"href":"https:\/\/prensapresidencialvenezuela.gob.ve\/index.php\/wp-json\/wp\/v2\/categories?post=9691"},{"taxonomy":"post_tag","embeddable":true,"href":"https:\/\/prensapresidencialvenezuela.gob.ve\/index.php\/wp-json\/wp\/v2\/tags?post=9691"}],"curies":[{"name":"wp","href":"https:\/\/api.w.org\/{rel}","templated":true}]}}