{"id":9694,"date":"2024-04-10T09:28:02","date_gmt":"2024-04-10T13:28:02","guid":{"rendered":"http:\/\/172.27.0.121\/?p=9694"},"modified":"2024-04-16T09:30:01","modified_gmt":"2024-04-16T13:30:01","slug":"inauguran-primer-centro-didactico-para-la-ensenanza-de-la-ciencia-en-la-guaira","status":"publish","type":"post","link":"https:\/\/prensapresidencialvenezuela.gob.ve\/index.php\/2024\/04\/10\/inauguran-primer-centro-didactico-para-la-ensenanza-de-la-ciencia-en-la-guaira\/","title":{"rendered":"Inauguran primer Centro Did\u00e1ctico para la Ense\u00f1anza de la Ciencia en La Guaira"},"content":{"rendered":"\n<p><strong>Sartenejas, estado Miranda.-<\/strong> En una acci\u00f3n destinada a promover la ciencia para la inventiva, la creaci\u00f3n y la educaci\u00f3n integral de los semilleros cient\u00edficos en el pa\u00eds, el presidente de la Rep\u00fablica, Nicol\u00e1s Maduro, inaugur\u00f3 el primer Centro Did\u00e1ctico para la Ense\u00f1anza de la Ciencia en la Gran Base de Misiones en la avenida Soublette, estado La Guaira.<\/p>\n\n\n\n<p>Desde la Fundaci\u00f3n Instituto de Estudios <a><\/a>Avanzados (IDEA), ubicado en Sartenejas, estado Miranda, durante el lanzamiento de la Gran Misi\u00f3n Ciencia, Tecnolog\u00eda e Innovaci\u00f3n, el Jefe de Estado, a trav\u00e9s de un enlace televisivo, el Mandatario constat\u00f3 la puesta en marcha de la sala did\u00e1ctica para la ense\u00f1anza de la ciencia.<\/p>\n\n\n\n<p>Este espacio est\u00e1 constituido desde la visi\u00f3n integral para la atenci\u00f3n masiva de ni\u00f1os ni\u00f1as y j\u00f3venes que desarrollen desde tempranas edades inter\u00e9s por el desarrollo cient\u00edfico, tecnol\u00f3gico e ingenier\u00eda.<\/p>\n\n\n\n<p>Por su parte, Jos\u00e9 Alejandro Ter\u00e1n, gobernador de la entidad, destac\u00f3 que el centro est\u00e1 habilitado para realizar olimpiadas de matem\u00e1ticas, f\u00edsicas, rob\u00f3tica, inteligencia artificial, entre otras \u00e1reas.<\/p>\n\n\n\n<p>El centro did\u00e1ctico fue remodelado y adecuado para formar semilleros cient\u00edficos del estado, cuenta con laboratorio de rob\u00f3tica, electr\u00f3nica, qu\u00edmica, biolog\u00eda, f\u00edsica, matem\u00e1ticas y un Infocentro.<\/p>\n\n\n\n<p>Cuenta con m\u00e1s de 700 metros de construcci\u00f3n cuenta con salas de astronom\u00eda, ciencias del espacio, inteligencia artificial y telecomunicaciones, para los m\u00e1s peque\u00f1os.<\/p>\n\n\n\n<p>Mientras que, la sala de ciencias cuenta con un mega n\u00facleo de rob\u00f3tica educativa, el cual contribuye con la organizaci\u00f3n, formaci\u00f3n y capacitaci\u00f3n de j\u00f3venes que participan de la Gran Misi\u00f3n Venezuela Joven.<\/p>\n\n\n\n<p><strong>Prensa Presidencial \/ Joelin Jim\u00e9nez<\/strong><\/p>\n","protected":false},"excerpt":{"rendered":"<p>Sartenejas, estado Miranda.- En una acci\u00f3n destinada a promover la ciencia para la inventiva, la creaci\u00f3n y la educaci\u00f3n integral de los semilleros cient\u00edficos en el pa\u00eds, el presidente de la Rep\u00fablica, Nicol\u00e1s Maduro, inaugur\u00f3 el primer Centro Did\u00e1ctico para la Ense\u00f1anza de la Ciencia en la Gran Base de Misiones en la avenida Soublette, [&hellip;]<\/p>\n","protected":false},"author":4,"featured_media":9695,"comment_status":"open","ping_status":"open","sticky":false,"template":"","format":"standard","meta":{"footnotes":""},"categories":[18,7],"tags":[],"class_list":["post-9694","post","type-post","status-publish","format-standard","has-post-thumbnail","hentry","category-noticias-principales","category-notas-de-prensa"],"_links":{"self":[{"href":"https:\/\/prensapresidencialvenezuela.gob.ve\/index.php\/wp-json\/wp\/v2\/posts\/9694","targetHints":{"allow":["GET"]}}],"collection":[{"href":"https:\/\/prensapresidencialvenezuela.gob.ve\/index.php\/wp-json\/wp\/v2\/posts"}],"about":[{"href":"https:\/\/prensapresidencialvenezuela.gob.ve\/index.php\/wp-json\/wp\/v2\/types\/post"}],"author":[{"embeddable":true,"href":"https:\/\/prensapresidencialvenezuela.gob.ve\/index.php\/wp-json\/wp\/v2\/users\/4"}],"replies":[{"embeddable":true,"href":"https:\/\/prensapresidencialvenezuela.gob.ve\/index.php\/wp-json\/wp\/v2\/comments?post=9694"}],"version-history":[{"count":1,"href":"https:\/\/prensapresidencialvenezuela.gob.ve\/index.php\/wp-json\/wp\/v2\/posts\/9694\/revisions"}],"predecessor-version":[{"id":9696,"href":"https:\/\/prensapresidencialvenezuela.gob.ve\/index.php\/wp-json\/wp\/v2\/posts\/9694\/revisions\/9696"}],"wp:featuredmedia":[{"embeddable":true,"href":"https:\/\/prensapresidencialvenezuela.gob.ve\/index.php\/wp-json\/wp\/v2\/media\/9695"}],"wp:attachment":[{"href":"https:\/\/prensapresidencialvenezuela.gob.ve\/index.php\/wp-json\/wp\/v2\/media?parent=9694"}],"wp:term":[{"taxonomy":"category","embeddable":true,"href":"https:\/\/prensapresidencialvenezuela.gob.ve\/index.php\/wp-json\/wp\/v2\/categories?post=9694"},{"taxonomy":"post_tag","embeddable":true,"href":"https:\/\/prensapresidencialvenezuela.gob.ve\/index.php\/wp-json\/wp\/v2\/tags?post=9694"}],"curies":[{"name":"wp","href":"https:\/\/api.w.org\/{rel}","templated":true}]}}