{"id":9700,"date":"2024-04-10T09:39:43","date_gmt":"2024-04-10T13:39:43","guid":{"rendered":"http:\/\/172.27.0.121\/?p=9700"},"modified":"2024-04-16T09:42:12","modified_gmt":"2024-04-16T13:42:12","slug":"presidente-sostiene-un-encuentro-con-representantes-de-la-comunidad-musulmana-en-venezuela","status":"publish","type":"post","link":"https:\/\/prensapresidencialvenezuela.gob.ve\/index.php\/2024\/04\/10\/presidente-sostiene-un-encuentro-con-representantes-de-la-comunidad-musulmana-en-venezuela\/","title":{"rendered":"Presidente sostiene un encuentro con representantes de la comunidad musulmana en Venezuela"},"content":{"rendered":"\n<p><strong>Palacio de Miraflores, Caracas.-<\/strong> En un intercambio destinado a establecer puntos de encuentro para el desarrollo espiritual, el presidente de la Rep\u00fablica, Nicol\u00e1s Maduro, sostiene un encuentro con representantes de la comunidad musulmana en Venezuela.<\/p>\n\n\n\n<p>El di\u00e1logo que coincide con el fin del Ramad\u00e1n, que inici\u00f3 el 10 de marzo, tambi\u00e9n permitir\u00e1 forjar mecanismos de integraci\u00f3n e <a><\/a>intercambiar perspectivas desde la fe musulmana en funci\u00f3n de la unidad y el bienestar.<\/p>\n\n\n\n<p>En la reuni\u00f3n participan embajadores de la comunidad musulmana en Venezuela, as\u00ed como el enviado especial del Ministerio de Asuntos Religiosos de Egipto, Sheik Amor Salem; el gu\u00eda religioso de la Mezquita Ibrahim Ibin Abdul Aziz Al-Ibrahim, Sheik Omar Kaddoura; y el vicepresidente de Asuntos Religiosos del Partido Socialista Unido de Venezuela (PSUV), Nicol\u00e1s Maduro Guerra.<\/p>\n\n\n\n<p>En ese contexto, el Jefe de Estado venezolano abog\u00f3 por la paz y exigi\u00f3 el cese de la masacre del pueblo palestino.<\/p>\n\n\n\n<p>\u00abEl a\u00f1o del Ramad\u00e1n estuvo marcado por la masacre al pueblo Palestino. Esos d\u00edas pasar\u00e1n y estoy seguro de que Dios escuchar\u00e1 las oraciones del pueblo musulm\u00e1n y de los pueblos del mundo \u00a1Palestina renacer\u00e1!\u00bb, enfatiz\u00f3.<\/p>\n\n\n\n<p>Asimismo, destac\u00f3 la solidaridad y hermandad que existe entre Venezuela y los pueblos musulmanes del mundo.<\/p>\n\n\n\n<p>\u00abLos musulmanes son nuestros hermanos, hermanos en Dios, hermanos para las luchas, para la vida y para un mundo mejor mejor que vamos a construir juntos\u00bb, expres\u00f3.<\/p>\n\n\n\n<p>Este mi\u00e9rcoles, la comunidad musulmana celebra el Eid al-Fitr (fiesta final del ayuno del Ramad\u00e1n), donde el tradicional saludo \u201c\u00a1Eid Mubarak!\u201d se hace presente al t\u00e9rmino de la oraci\u00f3n Eid.<\/p>\n\n\n\n<p>Al respecto, el Mandatario nacional extendi\u00f3 \u2013m\u00e1s temprano- sus palabras de solidaridad a la comunidad musulmana, as\u00ed como sus buenos augurios para que la caridad y la compasi\u00f3n contin\u00faen reinando en los tiempos venideros.<\/p>\n\n\n\n<p>\u201cA la comunidad musulmana de Venezuela y el mundo que hoy celebran la fiesta del fin del ayuno en medio de la incertidumbre y el duelo, toda nuestra fuerza y solidaridad, deseamos que la caridad, la compasi\u00f3n y la comunidad; hermosos valores de esta tradici\u00f3n, se multipliquen en el mundo entero trayendo la paz\u201d, recalc\u00f3 a trav\u00e9s de su cuenta en la red social X, @NicolasMaduro.<\/p>\n\n\n\n<p>Venezuela cuenta con una poblaci\u00f3n musulmana superior a 120.000 integrantes, de hecho un tercio de la comunidad reside en Caracas. Precisamente, en el municipio Libertador, se erige la mezquita Sheikh Ibrahim Al Ibrahim, considerada la segunda m\u00e1s grande en el continente americano.<\/p>\n\n\n\n<p>La fe musulmana ha desempe\u00f1ado un papel fundamental en la promoci\u00f3n de la paz, la justicia y la esperanza en el mundo.<\/p>\n\n\n\n<p><strong>Prensa Presidencial \/ Karelis Gonz\u00e1lez<\/strong><\/p>\n","protected":false},"excerpt":{"rendered":"<p>Palacio de Miraflores, Caracas.- En un intercambio destinado a establecer puntos de encuentro para el desarrollo espiritual, el presidente de la Rep\u00fablica, Nicol\u00e1s Maduro, sostiene un encuentro con representantes de la comunidad musulmana en Venezuela. El di\u00e1logo que coincide con el fin del Ramad\u00e1n, que inici\u00f3 el 10 de marzo, tambi\u00e9n permitir\u00e1 forjar mecanismos de [&hellip;]<\/p>\n","protected":false},"author":4,"featured_media":9701,"comment_status":"open","ping_status":"open","sticky":false,"template":"","format":"standard","meta":{"footnotes":""},"categories":[18,7],"tags":[],"class_list":["post-9700","post","type-post","status-publish","format-standard","has-post-thumbnail","hentry","category-noticias-principales","category-notas-de-prensa"],"_links":{"self":[{"href":"https:\/\/prensapresidencialvenezuela.gob.ve\/index.php\/wp-json\/wp\/v2\/posts\/9700","targetHints":{"allow":["GET"]}}],"collection":[{"href":"https:\/\/prensapresidencialvenezuela.gob.ve\/index.php\/wp-json\/wp\/v2\/posts"}],"about":[{"href":"https:\/\/prensapresidencialvenezuela.gob.ve\/index.php\/wp-json\/wp\/v2\/types\/post"}],"author":[{"embeddable":true,"href":"https:\/\/prensapresidencialvenezuela.gob.ve\/index.php\/wp-json\/wp\/v2\/users\/4"}],"replies":[{"embeddable":true,"href":"https:\/\/prensapresidencialvenezuela.gob.ve\/index.php\/wp-json\/wp\/v2\/comments?post=9700"}],"version-history":[{"count":1,"href":"https:\/\/prensapresidencialvenezuela.gob.ve\/index.php\/wp-json\/wp\/v2\/posts\/9700\/revisions"}],"predecessor-version":[{"id":9702,"href":"https:\/\/prensapresidencialvenezuela.gob.ve\/index.php\/wp-json\/wp\/v2\/posts\/9700\/revisions\/9702"}],"wp:featuredmedia":[{"embeddable":true,"href":"https:\/\/prensapresidencialvenezuela.gob.ve\/index.php\/wp-json\/wp\/v2\/media\/9701"}],"wp:attachment":[{"href":"https:\/\/prensapresidencialvenezuela.gob.ve\/index.php\/wp-json\/wp\/v2\/media?parent=9700"}],"wp:term":[{"taxonomy":"category","embeddable":true,"href":"https:\/\/prensapresidencialvenezuela.gob.ve\/index.php\/wp-json\/wp\/v2\/categories?post=9700"},{"taxonomy":"post_tag","embeddable":true,"href":"https:\/\/prensapresidencialvenezuela.gob.ve\/index.php\/wp-json\/wp\/v2\/tags?post=9700"}],"curies":[{"name":"wp","href":"https:\/\/api.w.org\/{rel}","templated":true}]}}