{"id":9727,"date":"2024-04-13T10:42:16","date_gmt":"2024-04-13T14:42:16","guid":{"rendered":"http:\/\/172.27.0.121\/?p=9727"},"modified":"2024-04-16T10:43:39","modified_gmt":"2024-04-16T14:43:39","slug":"de-la-rebelion-de-abril-emergieron-instancias-populares-en-defensa-de-la-soberania","status":"publish","type":"post","link":"https:\/\/prensapresidencialvenezuela.gob.ve\/index.php\/2024\/04\/13\/de-la-rebelion-de-abril-emergieron-instancias-populares-en-defensa-de-la-soberania\/","title":{"rendered":"De la Rebeli\u00f3n de Abril emergieron instancias populares en defensa de la soberan\u00eda"},"content":{"rendered":"\n<p><strong>Palacio de Miraflores, Caracas.-<\/strong> La Gran Rebeli\u00f3n Popular-Militar de abril de 2002 dio paso a la construcci\u00f3n del Poder Popular, en defensa de la soberan\u00eda.<\/p>\n\n\n\n<p>Este poder\u00edo popular est\u00e1 representando en la actualidad por instancias como los Consejos Comunales, Comunas, la Milicia Nacional Bolivariana, las UBCH (Las Unidades de Batalla Bol\u00edvar-Ch\u00e1vez), las Misiones Sociales y los CPT (Consejos <a><\/a>Productivos de Trabajadores y Trabajadoras), ejemplific\u00f3 el presidente Nicol\u00e1s Maduro.<\/p>\n\n\n\n<p>En cadena nacional de radio y televisi\u00f3n, el Mandatario, al recibir la Gran Marcha de la Victoria Popular de la Revoluci\u00f3n de Abril, en el Palacio de Miraflores, tambi\u00e9n subray\u00f3 la capacidad de acci\u00f3n de las Unidades para la Paz (UPPAZ).<\/p>\n\n\n\n<p>\u201cSon m\u00e1s de 46 mil comunidades, no podemos fallar\u201d, por ello les pidi\u00f3 a estos venezolanos y venezolanas que integran estas figuras organizativas garantizar la tranquilidad de Venezuela, porque \u201ccon las UPPAZ, el fascismo no pasar\u00e1\u201d.<\/p>\n\n\n\n<p>En la l\u00ednea de la conspiraci\u00f3n de la derecha en su contra, el presidente Maduro ratific\u00f3 que \u201cellos pretenden algo contra m\u00ed, tengo informaci\u00f3n\u201d.<\/p>\n\n\n\n<p>Record\u00f3 el episodio en la Plaza Diego Ibarra, donde \u201ccapturamos a dos personas mandados por el grupo terrorista. Los dos est\u00e1n convictos y confesos\u201d.<\/p>\n\n\n\n<p>Detall\u00f3 que en el proceso los responsables han declarado \u201cqui\u00e9n les dio la plata, el entrenamiento, el 9 mm y qu\u00e9 les ordenaron a hacer a 20 metros de m\u00ed\u201d, a la vez que se\u00f1al\u00f3 que ello no le impedir\u00e1 seguir en las calles cada d\u00eda.<\/p>\n\n\n\n<p>\u201cSeguir\u00e9 en las calles cada d\u00eda y jam\u00e1s, por cobard\u00eda o por debilidad, voy a entregar la Patria. Jam\u00e1s me rendir\u00e9 frente a los oligarcas del imperialismo. \u00a1Voy Pa Lante, hoy m\u00e1s que nunca!\u201d, asever\u00f3.<\/p>\n\n\n\n<p>El presidente Maduro enfatiz\u00f3 que la orden est\u00e1 vigente: \u201cQueremos paz. Tenemos paz, conquistamos la paz a pulso, derrotamos la guarimba (\u2026) y que contin\u00fae la senda de recuperaci\u00f3n paulatina y progresiva en lo econ\u00f3mico y social\u201d.<\/p>\n\n\n\n<p>No obstante, refiri\u00f3 que, si llegasen a equivocarse, \u201cnos encontraran de nuevo y de nuevo le ganaremos, de nuevo triunfaremos, por el camino de la verdad, la Constituci\u00f3n y de la Revoluci\u00f3n Bolivariana por siempre\u201d.<\/p>\n\n\n\n<p><strong>Prensa Presidencial \/ Ana\u00eds P\u00e9rez<\/strong><\/p>\n","protected":false},"excerpt":{"rendered":"<p>Palacio de Miraflores, Caracas.- La Gran Rebeli\u00f3n Popular-Militar de abril de 2002 dio paso a la construcci\u00f3n del Poder Popular, en defensa de la soberan\u00eda. Este poder\u00edo popular est\u00e1 representando en la actualidad por instancias como los Consejos Comunales, Comunas, la Milicia Nacional Bolivariana, las UBCH (Las Unidades de Batalla Bol\u00edvar-Ch\u00e1vez), las Misiones Sociales y [&hellip;]<\/p>\n","protected":false},"author":4,"featured_media":9728,"comment_status":"open","ping_status":"open","sticky":false,"template":"","format":"standard","meta":{"footnotes":""},"categories":[18,7],"tags":[],"class_list":["post-9727","post","type-post","status-publish","format-standard","has-post-thumbnail","hentry","category-noticias-principales","category-notas-de-prensa"],"_links":{"self":[{"href":"https:\/\/prensapresidencialvenezuela.gob.ve\/index.php\/wp-json\/wp\/v2\/posts\/9727","targetHints":{"allow":["GET"]}}],"collection":[{"href":"https:\/\/prensapresidencialvenezuela.gob.ve\/index.php\/wp-json\/wp\/v2\/posts"}],"about":[{"href":"https:\/\/prensapresidencialvenezuela.gob.ve\/index.php\/wp-json\/wp\/v2\/types\/post"}],"author":[{"embeddable":true,"href":"https:\/\/prensapresidencialvenezuela.gob.ve\/index.php\/wp-json\/wp\/v2\/users\/4"}],"replies":[{"embeddable":true,"href":"https:\/\/prensapresidencialvenezuela.gob.ve\/index.php\/wp-json\/wp\/v2\/comments?post=9727"}],"version-history":[{"count":1,"href":"https:\/\/prensapresidencialvenezuela.gob.ve\/index.php\/wp-json\/wp\/v2\/posts\/9727\/revisions"}],"predecessor-version":[{"id":9729,"href":"https:\/\/prensapresidencialvenezuela.gob.ve\/index.php\/wp-json\/wp\/v2\/posts\/9727\/revisions\/9729"}],"wp:featuredmedia":[{"embeddable":true,"href":"https:\/\/prensapresidencialvenezuela.gob.ve\/index.php\/wp-json\/wp\/v2\/media\/9728"}],"wp:attachment":[{"href":"https:\/\/prensapresidencialvenezuela.gob.ve\/index.php\/wp-json\/wp\/v2\/media?parent=9727"}],"wp:term":[{"taxonomy":"category","embeddable":true,"href":"https:\/\/prensapresidencialvenezuela.gob.ve\/index.php\/wp-json\/wp\/v2\/categories?post=9727"},{"taxonomy":"post_tag","embeddable":true,"href":"https:\/\/prensapresidencialvenezuela.gob.ve\/index.php\/wp-json\/wp\/v2\/tags?post=9727"}],"curies":[{"name":"wp","href":"https:\/\/api.w.org\/{rel}","templated":true}]}}