{"id":9733,"date":"2024-04-13T10:45:18","date_gmt":"2024-04-13T14:45:18","guid":{"rendered":"http:\/\/172.27.0.121\/?p=9733"},"modified":"2024-04-16T10:46:15","modified_gmt":"2024-04-16T14:46:15","slug":"presidente-plantea-reforma-constitucional-para-introducir-la-pena-de-cadena-perpetua","status":"publish","type":"post","link":"https:\/\/prensapresidencialvenezuela.gob.ve\/index.php\/2024\/04\/13\/presidente-plantea-reforma-constitucional-para-introducir-la-pena-de-cadena-perpetua\/","title":{"rendered":"Presidente plantea reforma constitucional para introducir la pena de cadena perpetua"},"content":{"rendered":"\n<p><strong>Palacio de Miraflores, Caracas.-<\/strong> El presidente de la Rep\u00fablica Bolivariana de Venezuela, Nicol\u00e1s Maduro, plante\u00f3 una reforma constitucional para introducir la pena de cadena perpetua e inhabilitaci\u00f3n de por vida al ejercicio de cargos p\u00fablicos a quienes incurran en delitos de corrupci\u00f3n y traici\u00f3n a la Patria.<\/p>\n\n\n\n<p>\u201cHe venido madurando la idea y quiero hacerles una propuesta que he venido <a><\/a>reflexionando y creo que lleg\u00f3 el momento para activarla. Muchas veces, los traidores, los vendepatrias y los corruptos, act\u00faan burlando una ley\u201d.<\/p>\n\n\n\n<p>Explic\u00f3 que ante ello, \u201cha llegado la hora de una reforma constitucional para introducir en nuestra constituci\u00f3n la pena de cadena perpetua para la corrupci\u00f3n, de inhabilitaci\u00f3n de por vida a la corrupci\u00f3n, de cadena perpetua a la traici\u00f3n de la Patria y a los graves delitos contra el pueblo\u201d.<\/p>\n\n\n\n<p>Al recibir la Gran Marcha de la Victoria Popular de la Revoluci\u00f3n de Abril, en el Palacio de Miraflores, el jefe de Estado apunt\u00f3 que para reformar la Constituci\u00f3n hace falta el pueblo, raz\u00f3n por la que convoc\u00f3 al Soberano \u201ca este debate y convoco al pueblo a una reforma constitucional para introducir ya la cadena perpetua en la constituci\u00f3n\u201d.<\/p>\n\n\n\n<p>\u201cDoloroso es, pero m\u00e1s doloroso es el da\u00f1o que le hicieron al pueblo, tenemos que ser implacables, caiga quien caiga, y ustedes saben que cuentan conmigo, dijo al pueblo, ante la corrupci\u00f3n y la conspiraci\u00f3n\u201d, puntualiz\u00f3 el presidente Maduro.<\/p>\n\n\n\n<p><strong>Prensa Presidencial \/ Ana\u00eds P\u00e9rez<\/strong><\/p>\n","protected":false},"excerpt":{"rendered":"<p>Palacio de Miraflores, Caracas.- El presidente de la Rep\u00fablica Bolivariana de Venezuela, Nicol\u00e1s Maduro, plante\u00f3 una reforma constitucional para introducir la pena de cadena perpetua e inhabilitaci\u00f3n de por vida al ejercicio de cargos p\u00fablicos a quienes incurran en delitos de corrupci\u00f3n y traici\u00f3n a la Patria. \u201cHe venido madurando la idea y quiero hacerles [&hellip;]<\/p>\n","protected":false},"author":4,"featured_media":9734,"comment_status":"open","ping_status":"open","sticky":false,"template":"","format":"standard","meta":{"footnotes":""},"categories":[18,7],"tags":[],"class_list":["post-9733","post","type-post","status-publish","format-standard","has-post-thumbnail","hentry","category-noticias-principales","category-notas-de-prensa"],"_links":{"self":[{"href":"https:\/\/prensapresidencialvenezuela.gob.ve\/index.php\/wp-json\/wp\/v2\/posts\/9733","targetHints":{"allow":["GET"]}}],"collection":[{"href":"https:\/\/prensapresidencialvenezuela.gob.ve\/index.php\/wp-json\/wp\/v2\/posts"}],"about":[{"href":"https:\/\/prensapresidencialvenezuela.gob.ve\/index.php\/wp-json\/wp\/v2\/types\/post"}],"author":[{"embeddable":true,"href":"https:\/\/prensapresidencialvenezuela.gob.ve\/index.php\/wp-json\/wp\/v2\/users\/4"}],"replies":[{"embeddable":true,"href":"https:\/\/prensapresidencialvenezuela.gob.ve\/index.php\/wp-json\/wp\/v2\/comments?post=9733"}],"version-history":[{"count":1,"href":"https:\/\/prensapresidencialvenezuela.gob.ve\/index.php\/wp-json\/wp\/v2\/posts\/9733\/revisions"}],"predecessor-version":[{"id":9735,"href":"https:\/\/prensapresidencialvenezuela.gob.ve\/index.php\/wp-json\/wp\/v2\/posts\/9733\/revisions\/9735"}],"wp:featuredmedia":[{"embeddable":true,"href":"https:\/\/prensapresidencialvenezuela.gob.ve\/index.php\/wp-json\/wp\/v2\/media\/9734"}],"wp:attachment":[{"href":"https:\/\/prensapresidencialvenezuela.gob.ve\/index.php\/wp-json\/wp\/v2\/media?parent=9733"}],"wp:term":[{"taxonomy":"category","embeddable":true,"href":"https:\/\/prensapresidencialvenezuela.gob.ve\/index.php\/wp-json\/wp\/v2\/categories?post=9733"},{"taxonomy":"post_tag","embeddable":true,"href":"https:\/\/prensapresidencialvenezuela.gob.ve\/index.php\/wp-json\/wp\/v2\/tags?post=9733"}],"curies":[{"name":"wp","href":"https:\/\/api.w.org\/{rel}","templated":true}]}}