{"id":9736,"date":"2024-04-13T10:46:18","date_gmt":"2024-04-13T14:46:18","guid":{"rendered":"http:\/\/172.27.0.121\/?p=9736"},"modified":"2024-04-16T10:47:16","modified_gmt":"2024-04-16T14:47:16","slug":"presidente-maduro-denuncia-planes-para-desestabilizar-la-nacion","status":"publish","type":"post","link":"https:\/\/prensapresidencialvenezuela.gob.ve\/index.php\/2024\/04\/13\/presidente-maduro-denuncia-planes-para-desestabilizar-la-nacion\/","title":{"rendered":"Presidente Maduro denuncia planes para desestabilizar la naci\u00f3n"},"content":{"rendered":"\n<p><strong>Palacio de Miraflores, Caracas.- <\/strong>Al detallar las amenazas externas e internas que se ciernen contra la naci\u00f3n venezolana, el Jefe de Estado y de Gobierno, Nicol\u00e1s Maduro, denunci\u00f3 los planes de grupos delincuenciales que buscan crear incendios en zonas cercanas a subestaciones el\u00e9ctricas.<\/p>\n\n\n\n<p>\u201cRecientemente vimos c\u00f3mo en medio del cambio clim\u00e1tico, los calorones y la sequ\u00eda extrema, ellos empezaron a operar para quemar <a><\/a>lugares alrededor de centrales, estaciones y subestaciones el\u00e9ctricas\u201d, devel\u00f3.<\/p>\n\n\n\n<p>Asimismo, destac\u00f3 el papel fundamental de la uni\u00f3n c\u00edvico-militar para la defensa del territorio ante estas amenazas, cuyo acto catalog\u00f3 como \u201cguarimba invisible y silenciosa\u201d, puntualizando que por estos casos hay varios ciudadanos capturados, en su mayor\u00eda con problemas de droga y antecedentes penales.<\/p>\n\n\n\n<p>El Jefe de Estado a\u00f1adi\u00f3 que \u201cellos confiesan que les est\u00e1n pagando con \u2013drogas-\u201d al tiempo que explicaba que este m\u00e9todo es usado por la derecha extrema, quienes utilizan a personas de la calle, un modelo copiado de Colombia, bajo el auspicio de los expresidentes Iv\u00e1n Duque y \u00c1lvaro Uribe.<\/p>\n\n\n\n<p>\u201cPorque la derecha va todo el tiempo en su perversidad, en su maldad, creando nuevas formas de actuaci\u00f3n para sabotear la tranquilidad de la gente, la vida tranquila\u201d, reiter\u00f3.<\/p>\n\n\n\n<p>La informaci\u00f3n la dio a conocer durante el acto con motivo al D\u00eda del Rescate de la Dignidad Nacional y 15\u00ba Aniversario de la Milicia Bolivariana.<\/p>\n\n\n\n<p>Finalmente, el Mandatario nacional orden\u00f3 a los milicianos y milicianas a prepararse con proyectos sociales e integrales para \u201ccumplir la tarea hist\u00f3rica de recuperar el territorio de los libertadores y libertadoras de Am\u00e9rica, en el marco de la Ley Org\u00e1nica en Defensa del Esequibo y el Derecho Internacional\u201d, asever\u00f3.<\/p>\n\n\n\n<p><strong>Prensa Presidencial \/ Eduardo Hueck<\/strong><\/p>\n","protected":false},"excerpt":{"rendered":"<p>Palacio de Miraflores, Caracas.- Al detallar las amenazas externas e internas que se ciernen contra la naci\u00f3n venezolana, el Jefe de Estado y de Gobierno, Nicol\u00e1s Maduro, denunci\u00f3 los planes de grupos delincuenciales que buscan crear incendios en zonas cercanas a subestaciones el\u00e9ctricas. \u201cRecientemente vimos c\u00f3mo en medio del cambio clim\u00e1tico, los calorones y la [&hellip;]<\/p>\n","protected":false},"author":4,"featured_media":9737,"comment_status":"open","ping_status":"open","sticky":false,"template":"","format":"standard","meta":{"footnotes":""},"categories":[18,7],"tags":[],"class_list":["post-9736","post","type-post","status-publish","format-standard","has-post-thumbnail","hentry","category-noticias-principales","category-notas-de-prensa"],"_links":{"self":[{"href":"https:\/\/prensapresidencialvenezuela.gob.ve\/index.php\/wp-json\/wp\/v2\/posts\/9736","targetHints":{"allow":["GET"]}}],"collection":[{"href":"https:\/\/prensapresidencialvenezuela.gob.ve\/index.php\/wp-json\/wp\/v2\/posts"}],"about":[{"href":"https:\/\/prensapresidencialvenezuela.gob.ve\/index.php\/wp-json\/wp\/v2\/types\/post"}],"author":[{"embeddable":true,"href":"https:\/\/prensapresidencialvenezuela.gob.ve\/index.php\/wp-json\/wp\/v2\/users\/4"}],"replies":[{"embeddable":true,"href":"https:\/\/prensapresidencialvenezuela.gob.ve\/index.php\/wp-json\/wp\/v2\/comments?post=9736"}],"version-history":[{"count":1,"href":"https:\/\/prensapresidencialvenezuela.gob.ve\/index.php\/wp-json\/wp\/v2\/posts\/9736\/revisions"}],"predecessor-version":[{"id":9738,"href":"https:\/\/prensapresidencialvenezuela.gob.ve\/index.php\/wp-json\/wp\/v2\/posts\/9736\/revisions\/9738"}],"wp:featuredmedia":[{"embeddable":true,"href":"https:\/\/prensapresidencialvenezuela.gob.ve\/index.php\/wp-json\/wp\/v2\/media\/9737"}],"wp:attachment":[{"href":"https:\/\/prensapresidencialvenezuela.gob.ve\/index.php\/wp-json\/wp\/v2\/media?parent=9736"}],"wp:term":[{"taxonomy":"category","embeddable":true,"href":"https:\/\/prensapresidencialvenezuela.gob.ve\/index.php\/wp-json\/wp\/v2\/categories?post=9736"},{"taxonomy":"post_tag","embeddable":true,"href":"https:\/\/prensapresidencialvenezuela.gob.ve\/index.php\/wp-json\/wp\/v2\/tags?post=9736"}],"curies":[{"name":"wp","href":"https:\/\/api.w.org\/{rel}","templated":true}]}}